{"id":2152,"date":"2025-10-06T09:48:23","date_gmt":"2025-10-06T07:48:23","guid":{"rendered":"https:\/\/svkirchzarten.de\/ski-nordisch\/?p=2152"},"modified":"2025-10-06T12:32:06","modified_gmt":"2025-10-06T10:32:06","slug":"die-saison-25-26-ist-eroeffnet","status":"publish","type":"post","link":"https:\/\/svkirchzarten.de\/ski-nordisch\/2025\/10\/06\/die-saison-25-26-ist-eroeffnet\/","title":{"rendered":"Die Saison 25-26 ist er\u00f6ffnet"},"content":{"rendered":"[vc_row type=&#8220;in_container&#8220; full_screen_row_position=&#8220;middle&#8220; column_margin=&#8220;default&#8220; column_direction=&#8220;default&#8220; column_direction_tablet=&#8220;default&#8220; column_direction_phone=&#8220;default&#8220; scene_position=&#8220;center&#8220; text_color=&#8220;dark&#8220; text_align=&#8220;left&#8220; row_border_radius=&#8220;none&#8220; row_border_radius_applies=&#8220;bg&#8220; overflow=&#8220;visible&#8220; overlay_strength=&#8220;0.3&#8243; gradient_direction=&#8220;left_to_right&#8220; shape_divider_position=&#8220;bottom&#8220; bg_image_animation=&#8220;none&#8220;][vc_column column_padding=&#8220;no-extra-padding&#8220; column_padding_tablet=&#8220;inherit&#8220; column_padding_phone=&#8220;inherit&#8220; column_padding_position=&#8220;all&#8220; column_element_direction_desktop=&#8220;default&#8220; column_element_spacing=&#8220;default&#8220; desktop_text_alignment=&#8220;default&#8220; tablet_text_alignment=&#8220;default&#8220; phone_text_alignment=&#8220;default&#8220; background_color_opacity=&#8220;1&#8243; background_hover_color_opacity=&#8220;1&#8243; column_backdrop_filter=&#8220;none&#8220; column_shadow=&#8220;none&#8220; column_border_radius=&#8220;none&#8220; column_link_target=&#8220;_self&#8220; column_position=&#8220;default&#8220; gradient_direction=&#8220;left_to_right&#8220; overlay_strength=&#8220;0.3&#8243; width=&#8220;1\/1&#8243; tablet_width_inherit=&#8220;default&#8220; animation_type=&#8220;default&#8220; bg_image_animation=&#8220;none&#8220; border_type=&#8220;simple&#8220; column_border_width=&#8220;none&#8220; column_border_style=&#8220;solid&#8220;][vc_column_text css=&#8220;&#8220; text_direction=&#8220;default&#8220;]<em>Mit Beginn des neuen Schuljahres hat der Skilanglaufnachwuchs die ersten Wettk\u00e4mpfe absolviert<\/em><\/p>\n<p>Am 21. September reiste ein kleines Team zum Saisonauftakt nach Pfullingen, um am dortigen City-Sprint an den Start zugehen. Mitten im Zentrum des St\u00e4dtchens organisiert der dortige Skiclub auf einer 1,2 km Schleife einen Sprint auf Skirollern. Die Strecke ist ges\u00e4umt von vielen Zuschauern und einem bunten Treiben rund um Kirche und Rathaus, was f\u00fcr eine ganz besondere Atmosph\u00e4re sorgt. Die besondere Stimmung macht diese Veranstaltung bei den Sportlern sehr beliebt. Mit Jona Maier, Mathilda Seifert, Emil Braun und Clara F\u00f6hrenbach waren vier Para-Kids in der stehenden Sch\u00fclerklasse und Henri Reichert im Schlitten am Start. Die Jungen und M\u00e4dchen wurden von den zahlreichen Zuschauern und Sportlern begeistert angefeuert.<\/p>\n<p>Am schnellsten unterwegs an diesem Tag war unser Trainer Markus Sommerhalter, der im Prolog die schnellste Zeit aller Teilnehmer erzielte. Im Finale musste er sich als Zweitplatzierter Moritz Waidelich ganz knapp geschlagen geben.<\/p>\n<p>In der U18 lieferte Hans-Peter Schuler seinem Freund und Dauerrivalen Hannes Maier gleichfalls ein spannendes Rennen. Im Prolog noch Zeitschnellster in der U18, musste Hansi\u00a0 als Zweitplatzierter im Finale Hannes Maier den Vortritt lassen. Auch in der U15 lief Clara Schmidt hinter Anna Herrmann, ihrer Trainingspartnerin aus Pfullingen, auf Rang 2.<\/p>\n<p>Die Buben und M\u00e4dchen in der U12\/13 mit Skadi, Lilly, den drei Antons und Jannes in der U14, die erst wenige Male auf den Skirollern trainiert hatten, schlugen sich achtbar gegen die schw\u00e4bische Konkurrenz. Sie landeten auf Schlagdistanz im Mittelfeld.<\/p>\n<p>Schon beim <strong>Gel\u00e4ndelauf in St. Peter <\/strong>am darauffolgenden Wochenende konnte Lilly Schmidt im gro\u00dfen Teilnehmerfeld der U12w diese Altersklasse gewinnen. Skadi Rombach folgte ihr auf Rang 4. Gleichfalls auf Rang 4 und 5 liefen in der U12m Anton Brandalise und Anton Wenzel ein.<\/p>\n<p>Am <strong>st\u00e4rksten vertreten<\/strong> war der SV K an diesem Tag in der <strong>Klasse U 10m\u00e4nnlich<\/strong>. Ben Zimmermann auf 1, Thibault Gan\u00dfmann auf 2, Moritz Eckmann auf 3, Constantin Abel-R\u00f6cker auf 4, Emil Wenzel auf 5, Matheo Janeault auf 6 und Oskar Wiegmann auf Rang 8, ein solch starkes Team in einer Altersklasse hatte die Skilanglanglaufabt. schon sehr lange nicht mehr. Deren Trainerinnen Anni Strecker, Teresa Strecker und Eva-Maria Zipfel d\u00fcrfen auf diese Truppe und deren Leistungen wirklich stolz sein.<\/p>\n<p>Ebenso \u00fcberzeugend die Laufleistungen von Ilvy Schmidt, die in der U13w Zweite wurde. In der U14m lief es f\u00fcr Julius Stoll noch besser. Er siegte in seiner Altersklasse, gefolgt von Theo Schuler als Viertplatziertem und Jannes Hodde auf Rang 5.<\/p>\n<p>Die Altersklasse U15, in der sich die Jungen und M\u00e4dchen in dieser Saison f\u00fcr die Anschlusskader im DSV qualifizieren k\u00f6nnen, gewannen zwei Kirchzartener. Clara Schmidt siegte in der U15w und Maxime Abel-R\u00f6cker hatte bei den Jungs die Nase vorn.<\/p>\n<p>Zahlenm\u00e4\u00dfig schwach vertreten ist der SV K in den Altersklassen U8 bis U10 mit lediglich 4 Startern. Eloise Janeault gelang in der U8w mit Rang 3 der Sprung aufs Treppchen. Janne Rombach verfehlte den Podestplatz in der U10w mit Rang 4 nur denkbar knapp. Matilda Reinbold und Jonathan Klaus landeten im Mittelfeld. Hier hoffen die Skilangl\u00e4ufer auf einen guten Winter, der ihnen wieder mehr Kinder zuf\u00fchrt.<\/p>\n<p>Am Tag der Deutschen Einheit fanden die <strong>Schwarzwaldmeisterschaften Rollski<\/strong> in \u00a0Seebach unter Beteiligung der Vereine des Schw\u00e4bischen Skiverbandes statt. Krankheits- und verletzungsbedingt waren einige Ausf\u00e4lle zu beklagen. Umso erfreulicher, dass sich alle L\u00e4uferinnen und L\u00e4ufer des SV K in der Meisterliste weit vorne platzieren konnten.<\/p>\n<p>Markus Sommerhalter war wie schon in Pfullingen der schnellste Baden-W\u00fcrttemberger. Er wurde vor Max Braun Schwarzwaldmeister bei den Herren. Bei den Sch\u00fclerinnen U14\/15 gewann Clara Schmidt den Titel des SVS. Zudem konnte sie an diesem Tag ihre starke Konkurrenz aus dem Schw\u00e4bischen deutlich hinter sich lassen.<\/p>\n<p>Skadi Rombach zeigte, dass sie ihre Trainingsleistungen im Wettkampf umzusetzen vermag. In der U12\/13 wurde sie Vizemeisterin. Lilly Schmidt folgte ihr auf Rang 4. Bei den Jungs \u00fcberraschte Anton Wenzel mit einem Podestplatz auf Rang 3. Er behauptete sich hier gegen den \u00e4lteren Jahrgang.<\/p>\n<p>In der U14\/15m reichte es f\u00fcr Maxime Abel-R\u00f6cker, leicht erk\u00e4ltet, zu Rang 3. Theo Schuler und Jannes Hodde, beide im j\u00fcngeren Jahrgang, liefen auf Rang 4 und 5 ein.<\/p>\n<p>Hans-Peter Schuler duellierte sich in der U18 einmal mehr mit seinem Freund Hannes Maier vom Feldberg. Er schaffte es bei dem \u00fcber 7,5km ausgetragenen Berglauf in der Skatingtechnik auf den hervorragenden Silberrang.<\/p>\n<p>Kilian Bonnemann und Jona Maier starteten als Para-Sportler gemeinsam mit den nichtbehinderten Sch\u00fclern in der U12 und U15 und bew\u00e4ltigten den 2km langen Berglauf im Feld ihrer Mitstarter mit Bravour. Inklusion wird im Skilanglauf auf diesem Weg, auch dank des gro\u00dfen Engagements von Markus Sommerhalter, zu gelebter Wirklichkeit.<\/p>\n<p>Maxi Strittmatter, Hans-Peter Schuler und Matteo Lewe nahmen im September an der zentralen Leistungs\u00fcberpr\u00fcfung des DSV teil und platzierten sich in den Disziplinen Crosslauf und Skiroller im Mittelfeld. Luis Schuler, der den vergangenen Winter als Deutscher Meister auf der Langstrecke in der U18 sehr erfolgreich abschloss, ist nach einem Sportunfall noch immer gehandicapt und muss weiter hoffen alsbald wieder ins Sportgeschehen eingreifen zu k\u00f6nnen.<\/p>\n<p>MB[\/vc_column_text][\/vc_column][\/vc_row][vc_row type=&#8220;in_container&#8220; full_screen_row_position=&#8220;middle&#8220; column_margin=&#8220;default&#8220; column_direction=&#8220;default&#8220; column_direction_tablet=&#8220;default&#8220; column_direction_phone=&#8220;default&#8220; scene_position=&#8220;center&#8220; text_color=&#8220;dark&#8220; text_align=&#8220;left&#8220; row_border_radius=&#8220;none&#8220; row_border_radius_applies=&#8220;bg&#8220; overflow=&#8220;visible&#8220; overlay_strength=&#8220;0.3&#8243; gradient_direction=&#8220;left_to_right&#8220; shape_divider_position=&#8220;bottom&#8220; bg_image_animation=&#8220;none&#8220;][vc_column column_padding=&#8220;no-extra-padding&#8220; column_padding_tablet=&#8220;inherit&#8220; column_padding_phone=&#8220;inherit&#8220; column_padding_position=&#8220;all&#8220; column_element_direction_desktop=&#8220;default&#8220; column_element_spacing=&#8220;default&#8220; desktop_text_alignment=&#8220;default&#8220; tablet_text_alignment=&#8220;default&#8220; phone_text_alignment=&#8220;default&#8220; background_color_opacity=&#8220;1&#8243; background_hover_color_opacity=&#8220;1&#8243; column_backdrop_filter=&#8220;none&#8220; column_shadow=&#8220;none&#8220; column_border_radius=&#8220;none&#8220; column_link_target=&#8220;_self&#8220; column_position=&#8220;default&#8220; gradient_direction=&#8220;left_to_right&#8220; overlay_strength=&#8220;0.3&#8243; width=&#8220;1\/2&#8243; tablet_width_inherit=&#8220;default&#8220; animation_type=&#8220;default&#8220; bg_image_animation=&#8220;none&#8220; border_type=&#8220;simple&#8220; column_border_width=&#8220;none&#8220; column_border_style=&#8220;solid&#8220;][image_with_animation image_url=&#8220;2154&#8243; image_size=&#8220;medium_large&#8220; max_width=&#8220;100%&#8220; max_width_mobile=&#8220;default&#8220; animation_type=&#8220;entrance&#8220; animation=&#8220;None&#8220; animation_movement_type=&#8220;transform_y&#8220; hover_animation=&#8220;none&#8220; alignment=&#8220;&#8220; img_link_large=&#8220;yes&#8220; border_radius=&#8220;none&#8220; box_shadow=&#8220;none&#8220; image_loading=&#8220;default&#8220;][\/vc_column][vc_column column_padding=&#8220;no-extra-padding&#8220; column_padding_tablet=&#8220;inherit&#8220; column_padding_phone=&#8220;inherit&#8220; column_padding_position=&#8220;all&#8220; column_element_direction_desktop=&#8220;default&#8220; column_element_spacing=&#8220;default&#8220; desktop_text_alignment=&#8220;default&#8220; tablet_text_alignment=&#8220;default&#8220; phone_text_alignment=&#8220;default&#8220; background_color_opacity=&#8220;1&#8243; background_hover_color_opacity=&#8220;1&#8243; column_backdrop_filter=&#8220;none&#8220; column_shadow=&#8220;none&#8220; column_border_radius=&#8220;none&#8220; column_link_target=&#8220;_self&#8220; column_position=&#8220;default&#8220; gradient_direction=&#8220;left_to_right&#8220; overlay_strength=&#8220;0.3&#8243; width=&#8220;1\/2&#8243; tablet_width_inherit=&#8220;default&#8220; animation_type=&#8220;default&#8220; bg_image_animation=&#8220;none&#8220; border_type=&#8220;simple&#8220; column_border_width=&#8220;none&#8220; column_border_style=&#8220;solid&#8220;][image_with_animation image_url=&#8220;2155&#8243; image_size=&#8220;medium_large&#8220; max_width=&#8220;100%&#8220; max_width_mobile=&#8220;default&#8220; animation_type=&#8220;entrance&#8220; animation=&#8220;None&#8220; animation_movement_type=&#8220;transform_y&#8220; hover_animation=&#8220;none&#8220; alignment=&#8220;&#8220; img_link_large=&#8220;yes&#8220; border_radius=&#8220;none&#8220; box_shadow=&#8220;none&#8220; image_loading=&#8220;default&#8220;][\/vc_column][\/vc_row][vc_row type=&#8220;in_container&#8220; full_screen_row_position=&#8220;middle&#8220; column_margin=&#8220;default&#8220; column_direction=&#8220;default&#8220; column_direction_tablet=&#8220;default&#8220; column_direction_phone=&#8220;default&#8220; scene_position=&#8220;center&#8220; text_color=&#8220;dark&#8220; text_align=&#8220;left&#8220; row_border_radius=&#8220;none&#8220; row_border_radius_applies=&#8220;bg&#8220; overflow=&#8220;visible&#8220; overlay_strength=&#8220;0.3&#8243; gradient_direction=&#8220;left_to_right&#8220; shape_divider_position=&#8220;bottom&#8220; bg_image_animation=&#8220;none&#8220;][vc_column column_padding=&#8220;no-extra-padding&#8220; column_padding_tablet=&#8220;inherit&#8220; column_padding_phone=&#8220;inherit&#8220; column_padding_position=&#8220;all&#8220; column_element_direction_desktop=&#8220;default&#8220; column_element_spacing=&#8220;default&#8220; desktop_text_alignment=&#8220;default&#8220; tablet_text_alignment=&#8220;default&#8220; phone_text_alignment=&#8220;default&#8220; background_color_opacity=&#8220;1&#8243; background_hover_color_opacity=&#8220;1&#8243; column_backdrop_filter=&#8220;none&#8220; column_shadow=&#8220;none&#8220; column_border_radius=&#8220;none&#8220; column_link_target=&#8220;_self&#8220; column_position=&#8220;default&#8220; gradient_direction=&#8220;left_to_right&#8220; overlay_strength=&#8220;0.3&#8243; width=&#8220;1\/2&#8243; tablet_width_inherit=&#8220;default&#8220; animation_type=&#8220;default&#8220; bg_image_animation=&#8220;none&#8220; border_type=&#8220;simple&#8220; column_border_width=&#8220;none&#8220; column_border_style=&#8220;solid&#8220;][image_with_animation image_url=&#8220;2156&#8243; image_size=&#8220;medium_large&#8220; max_width=&#8220;100%&#8220; max_width_mobile=&#8220;default&#8220; animation_type=&#8220;entrance&#8220; animation=&#8220;None&#8220; animation_movement_type=&#8220;transform_y&#8220; hover_animation=&#8220;none&#8220; alignment=&#8220;&#8220; img_link_large=&#8220;yes&#8220; border_radius=&#8220;none&#8220; box_shadow=&#8220;none&#8220; image_loading=&#8220;default&#8220;][\/vc_column][vc_column column_padding=&#8220;no-extra-padding&#8220; column_padding_tablet=&#8220;inherit&#8220; column_padding_phone=&#8220;inherit&#8220; column_padding_position=&#8220;all&#8220; column_element_direction_desktop=&#8220;default&#8220; column_element_spacing=&#8220;default&#8220; desktop_text_alignment=&#8220;default&#8220; tablet_text_alignment=&#8220;default&#8220; phone_text_alignment=&#8220;default&#8220; background_color_opacity=&#8220;1&#8243; background_hover_color_opacity=&#8220;1&#8243; column_backdrop_filter=&#8220;none&#8220; column_shadow=&#8220;none&#8220; column_border_radius=&#8220;none&#8220; column_link_target=&#8220;_self&#8220; column_position=&#8220;default&#8220; gradient_direction=&#8220;left_to_right&#8220; overlay_strength=&#8220;0.3&#8243; width=&#8220;1\/2&#8243; tablet_width_inherit=&#8220;default&#8220; animation_type=&#8220;default&#8220; bg_image_animation=&#8220;none&#8220; border_type=&#8220;simple&#8220; column_border_width=&#8220;none&#8220; column_border_style=&#8220;solid&#8220;][image_with_animation image_url=&#8220;2158&#8243; image_size=&#8220;medium_large&#8220; max_width=&#8220;100%&#8220; max_width_mobile=&#8220;default&#8220; animation_type=&#8220;entrance&#8220; animation=&#8220;None&#8220; animation_movement_type=&#8220;transform_y&#8220; hover_animation=&#8220;none&#8220; alignment=&#8220;&#8220; img_link_large=&#8220;yes&#8220; border_radius=&#8220;none&#8220; box_shadow=&#8220;none&#8220; image_loading=&#8220;default&#8220;][\/vc_column][\/vc_row][vc_row type=&#8220;in_container&#8220; full_screen_row_position=&#8220;middle&#8220; column_margin=&#8220;default&#8220; column_direction=&#8220;default&#8220; column_direction_tablet=&#8220;default&#8220; column_direction_phone=&#8220;default&#8220; scene_position=&#8220;center&#8220; text_color=&#8220;dark&#8220; text_align=&#8220;left&#8220; row_border_radius=&#8220;none&#8220; row_border_radius_applies=&#8220;bg&#8220; overflow=&#8220;visible&#8220; overlay_strength=&#8220;0.3&#8243; gradient_direction=&#8220;left_to_right&#8220; shape_divider_position=&#8220;bottom&#8220; bg_image_animation=&#8220;none&#8220;][vc_column column_padding=&#8220;no-extra-padding&#8220; column_padding_tablet=&#8220;inherit&#8220; column_padding_phone=&#8220;inherit&#8220; column_padding_position=&#8220;all&#8220; column_element_direction_desktop=&#8220;default&#8220; column_element_spacing=&#8220;default&#8220; desktop_text_alignment=&#8220;default&#8220; tablet_text_alignment=&#8220;default&#8220; phone_text_alignment=&#8220;default&#8220; background_color_opacity=&#8220;1&#8243; background_hover_color_opacity=&#8220;1&#8243; column_backdrop_filter=&#8220;none&#8220; column_shadow=&#8220;none&#8220; column_border_radius=&#8220;none&#8220; column_link_target=&#8220;_self&#8220; column_position=&#8220;default&#8220; gradient_direction=&#8220;left_to_right&#8220; overlay_strength=&#8220;0.3&#8243; width=&#8220;1\/2&#8243; tablet_width_inherit=&#8220;default&#8220; animation_type=&#8220;default&#8220; bg_image_animation=&#8220;none&#8220; border_type=&#8220;simple&#8220; column_border_width=&#8220;none&#8220; column_border_style=&#8220;solid&#8220;][image_with_animation image_url=&#8220;2157&#8243; image_size=&#8220;medium_large&#8220; max_width=&#8220;100%&#8220; max_width_mobile=&#8220;default&#8220; animation_type=&#8220;entrance&#8220; animation=&#8220;None&#8220; animation_movement_type=&#8220;transform_y&#8220; hover_animation=&#8220;none&#8220; alignment=&#8220;&#8220; img_link_large=&#8220;yes&#8220; border_radius=&#8220;none&#8220; box_shadow=&#8220;none&#8220; image_loading=&#8220;default&#8220;][\/vc_column][vc_column column_padding=&#8220;no-extra-padding&#8220; column_padding_tablet=&#8220;inherit&#8220; column_padding_phone=&#8220;inherit&#8220; column_padding_position=&#8220;all&#8220; column_element_direction_desktop=&#8220;default&#8220; column_element_spacing=&#8220;default&#8220; desktop_text_alignment=&#8220;default&#8220; tablet_text_alignment=&#8220;default&#8220; phone_text_alignment=&#8220;default&#8220; background_color_opacity=&#8220;1&#8243; background_hover_color_opacity=&#8220;1&#8243; column_backdrop_filter=&#8220;none&#8220; column_shadow=&#8220;none&#8220; column_border_radius=&#8220;none&#8220; column_link_target=&#8220;_self&#8220; column_position=&#8220;default&#8220; gradient_direction=&#8220;left_to_right&#8220; overlay_strength=&#8220;0.3&#8243; width=&#8220;1\/2&#8243; tablet_width_inherit=&#8220;default&#8220; animation_type=&#8220;default&#8220; bg_image_animation=&#8220;none&#8220; border_type=&#8220;simple&#8220; column_border_width=&#8220;none&#8220; column_border_style=&#8220;solid&#8220;][\/vc_column][\/vc_row]\n","protected":false},"excerpt":{"rendered":"<p>[vc_row type=&#8220;in_container&#8220; full_screen_row_position=&#8220;middle&#8220; column_margin=&#8220;default&#8220; column_direction=&#8220;default&#8220; column_direction_tablet=&#8220;default&#8220; column_direction_phone=&#8220;default&#8220; scene_position=&#8220;center&#8220; text_color=&#8220;dark&#8220; text_align=&#8220;left&#8220;&#8230;<\/p>\n","protected":false},"author":3,"featured_media":2157,"comment_status":"closed","ping_status":"open","sticky":false,"template":"","format":"standard","meta":{"footnotes":""},"categories":[4],"tags":[],"class_list":{"0":"post-2152","1":"post","2":"type-post","3":"status-publish","4":"format-standard","5":"has-post-thumbnail","7":"category-nordisch"},"yoast_head":"<!-- This site is optimized with the Yoast SEO plugin v27.5 - https:\/\/yoast.com\/product\/yoast-seo-wordpress\/ -->\n<title>Die Saison 25-26 ist er\u00f6ffnet | Ski Nordisch &amp; Biathlon<\/title>\n<meta name=\"robots\" content=\"index, follow, max-snippet:-1, max-image-preview:large, max-video-preview:-1\" \/>\n<link rel=\"canonical\" href=\"https:\/\/svkirchzarten.de\/ski-nordisch\/2025\/10\/06\/die-saison-25-26-ist-eroeffnet\/\" \/>\n<meta property=\"og:locale\" content=\"de_DE\" \/>\n<meta property=\"og:type\" content=\"article\" \/>\n<meta property=\"og:title\" content=\"Die Saison 25-26 ist er\u00f6ffnet | Ski Nordisch &amp; Biathlon\" \/>\n<meta property=\"og:description\" content=\"[vc_row type=&#8220;in_container&#8220; full_screen_row_position=&#8220;middle&#8220; column_margin=&#8220;default&#8220; column_direction=&#8220;default&#8220; column_direction_tablet=&#8220;default&#8220; column_direction_phone=&#8220;default&#8220; scene_position=&#8220;center&#8220; text_color=&#8220;dark&#8220; text_align=&#8220;left&#8220;...\" \/>\n<meta property=\"og:url\" content=\"https:\/\/svkirchzarten.de\/ski-nordisch\/2025\/10\/06\/die-saison-25-26-ist-eroeffnet\/\" \/>\n<meta property=\"og:site_name\" content=\"Ski Nordisch &amp; Biathlon\" \/>\n<meta property=\"article:published_time\" content=\"2025-10-06T07:48:23+00:00\" \/>\n<meta property=\"article:modified_time\" content=\"2025-10-06T10:32:06+00:00\" \/>\n<meta property=\"og:image\" content=\"https:\/\/svkirchzarten.de\/ski-nordisch\/wp-content\/uploads\/sites\/24\/2025\/10\/IMG_61341-scaled.jpg\" \/>\n\t<meta property=\"og:image:width\" content=\"2560\" \/>\n\t<meta property=\"og:image:height\" content=\"1920\" \/>\n\t<meta property=\"og:image:type\" content=\"image\/jpeg\" \/>\n<meta name=\"author\" content=\"Christian Kaindl\" \/>\n<meta name=\"twitter:card\" content=\"summary_large_image\" \/>\n<meta name=\"twitter:label1\" content=\"Verfasst von\" \/>\n\t<meta name=\"twitter:data1\" content=\"Christian Kaindl\" \/>\n\t<meta name=\"twitter:label2\" content=\"Gesch\u00e4tzte Lesezeit\" \/>\n\t<meta name=\"twitter:data2\" content=\"6\u00a0Minuten\" \/>\n<script type=\"application\/ld+json\" class=\"yoast-schema-graph\">{\"@context\":\"https:\\\/\\\/schema.org\",\"@graph\":[{\"@type\":\"Article\",\"@id\":\"https:\\\/\\\/svkirchzarten.de\\\/ski-nordisch\\\/2025\\\/10\\\/06\\\/die-saison-25-26-ist-eroeffnet\\\/#article\",\"isPartOf\":{\"@id\":\"https:\\\/\\\/svkirchzarten.de\\\/ski-nordisch\\\/2025\\\/10\\\/06\\\/die-saison-25-26-ist-eroeffnet\\\/\"},\"author\":{\"name\":\"Christian Kaindl\",\"@id\":\"https:\\\/\\\/svkirchzarten.de\\\/ski-nordisch\\\/#\\\/schema\\\/person\\\/80c2f86955ce73e271cd302f7ccd3859\"},\"headline\":\"Die Saison 25-26 ist er\u00f6ffnet\",\"datePublished\":\"2025-10-06T07:48:23+00:00\",\"dateModified\":\"2025-10-06T10:32:06+00:00\",\"mainEntityOfPage\":{\"@id\":\"https:\\\/\\\/svkirchzarten.de\\\/ski-nordisch\\\/2025\\\/10\\\/06\\\/die-saison-25-26-ist-eroeffnet\\\/\"},\"wordCount\":1983,\"image\":{\"@id\":\"https:\\\/\\\/svkirchzarten.de\\\/ski-nordisch\\\/2025\\\/10\\\/06\\\/die-saison-25-26-ist-eroeffnet\\\/#primaryimage\"},\"thumbnailUrl\":\"https:\\\/\\\/svkirchzarten.de\\\/ski-nordisch\\\/wp-content\\\/uploads\\\/sites\\\/24\\\/2025\\\/10\\\/IMG_61341-scaled.jpg\",\"articleSection\":[\"Nordisch\"],\"inLanguage\":\"de\"},{\"@type\":\"WebPage\",\"@id\":\"https:\\\/\\\/svkirchzarten.de\\\/ski-nordisch\\\/2025\\\/10\\\/06\\\/die-saison-25-26-ist-eroeffnet\\\/\",\"url\":\"https:\\\/\\\/svkirchzarten.de\\\/ski-nordisch\\\/2025\\\/10\\\/06\\\/die-saison-25-26-ist-eroeffnet\\\/\",\"name\":\"Die Saison 25-26 ist er\u00f6ffnet | Ski Nordisch &amp; Biathlon\",\"isPartOf\":{\"@id\":\"https:\\\/\\\/svkirchzarten.de\\\/ski-nordisch\\\/#website\"},\"primaryImageOfPage\":{\"@id\":\"https:\\\/\\\/svkirchzarten.de\\\/ski-nordisch\\\/2025\\\/10\\\/06\\\/die-saison-25-26-ist-eroeffnet\\\/#primaryimage\"},\"image\":{\"@id\":\"https:\\\/\\\/svkirchzarten.de\\\/ski-nordisch\\\/2025\\\/10\\\/06\\\/die-saison-25-26-ist-eroeffnet\\\/#primaryimage\"},\"thumbnailUrl\":\"https:\\\/\\\/svkirchzarten.de\\\/ski-nordisch\\\/wp-content\\\/uploads\\\/sites\\\/24\\\/2025\\\/10\\\/IMG_61341-scaled.jpg\",\"datePublished\":\"2025-10-06T07:48:23+00:00\",\"dateModified\":\"2025-10-06T10:32:06+00:00\",\"author\":{\"@id\":\"https:\\\/\\\/svkirchzarten.de\\\/ski-nordisch\\\/#\\\/schema\\\/person\\\/80c2f86955ce73e271cd302f7ccd3859\"},\"breadcrumb\":{\"@id\":\"https:\\\/\\\/svkirchzarten.de\\\/ski-nordisch\\\/2025\\\/10\\\/06\\\/die-saison-25-26-ist-eroeffnet\\\/#breadcrumb\"},\"inLanguage\":\"de\",\"potentialAction\":[{\"@type\":\"ReadAction\",\"target\":[\"https:\\\/\\\/svkirchzarten.de\\\/ski-nordisch\\\/2025\\\/10\\\/06\\\/die-saison-25-26-ist-eroeffnet\\\/\"]}]},{\"@type\":\"ImageObject\",\"inLanguage\":\"de\",\"@id\":\"https:\\\/\\\/svkirchzarten.de\\\/ski-nordisch\\\/2025\\\/10\\\/06\\\/die-saison-25-26-ist-eroeffnet\\\/#primaryimage\",\"url\":\"https:\\\/\\\/svkirchzarten.de\\\/ski-nordisch\\\/wp-content\\\/uploads\\\/sites\\\/24\\\/2025\\\/10\\\/IMG_61341-scaled.jpg\",\"contentUrl\":\"https:\\\/\\\/svkirchzarten.de\\\/ski-nordisch\\\/wp-content\\\/uploads\\\/sites\\\/24\\\/2025\\\/10\\\/IMG_61341-scaled.jpg\",\"width\":2560,\"height\":1920},{\"@type\":\"BreadcrumbList\",\"@id\":\"https:\\\/\\\/svkirchzarten.de\\\/ski-nordisch\\\/2025\\\/10\\\/06\\\/die-saison-25-26-ist-eroeffnet\\\/#breadcrumb\",\"itemListElement\":[{\"@type\":\"ListItem\",\"position\":1,\"name\":\"SV Kirchzarten\",\"item\":\"https:\\\/\\\/svkirchzarten.de\\\/ski-nordisch\\\/\"},{\"@type\":\"ListItem\",\"position\":2,\"name\":\"Die Saison 25-26 ist er\u00f6ffnet\"}]},{\"@type\":\"WebSite\",\"@id\":\"https:\\\/\\\/svkirchzarten.de\\\/ski-nordisch\\\/#website\",\"url\":\"https:\\\/\\\/svkirchzarten.de\\\/ski-nordisch\\\/\",\"name\":\"Ski Nordisch\",\"description\":\"\",\"alternateName\":\"SV Kirchzarten Ski Nordisch\",\"potentialAction\":[{\"@type\":\"SearchAction\",\"target\":{\"@type\":\"EntryPoint\",\"urlTemplate\":\"https:\\\/\\\/svkirchzarten.de\\\/ski-nordisch\\\/?s={search_term_string}\"},\"query-input\":{\"@type\":\"PropertyValueSpecification\",\"valueRequired\":true,\"valueName\":\"search_term_string\"}}],\"inLanguage\":\"de\"},{\"@type\":\"Person\",\"@id\":\"https:\\\/\\\/svkirchzarten.de\\\/ski-nordisch\\\/#\\\/schema\\\/person\\\/80c2f86955ce73e271cd302f7ccd3859\",\"name\":\"Christian Kaindl\",\"image\":{\"@type\":\"ImageObject\",\"inLanguage\":\"de\",\"@id\":\"https:\\\/\\\/secure.gravatar.com\\\/avatar\\\/00b03b3ba53f6adb49bbfcbe6facabc62e1e04d2f0f058a4751732f5b8997c03?s=96&d=mm&r=g\",\"url\":\"https:\\\/\\\/secure.gravatar.com\\\/avatar\\\/00b03b3ba53f6adb49bbfcbe6facabc62e1e04d2f0f058a4751732f5b8997c03?s=96&d=mm&r=g\",\"contentUrl\":\"https:\\\/\\\/secure.gravatar.com\\\/avatar\\\/00b03b3ba53f6adb49bbfcbe6facabc62e1e04d2f0f058a4751732f5b8997c03?s=96&d=mm&r=g\",\"caption\":\"Christian Kaindl\"},\"url\":\"https:\\\/\\\/svkirchzarten.de\\\/ski-nordisch\\\/author\\\/chris\\\/\"}]}<\/script>\n<!-- \/ Yoast SEO plugin. -->","yoast_head_json":{"title":"Die Saison 25-26 ist er\u00f6ffnet | Ski Nordisch &amp; Biathlon","robots":{"index":"index","follow":"follow","max-snippet":"max-snippet:-1","max-image-preview":"max-image-preview:large","max-video-preview":"max-video-preview:-1"},"canonical":"https:\/\/svkirchzarten.de\/ski-nordisch\/2025\/10\/06\/die-saison-25-26-ist-eroeffnet\/","og_locale":"de_DE","og_type":"article","og_title":"Die Saison 25-26 ist er\u00f6ffnet | Ski Nordisch &amp; Biathlon","og_description":"[vc_row type=&#8220;in_container&#8220; full_screen_row_position=&#8220;middle&#8220; column_margin=&#8220;default&#8220; column_direction=&#8220;default&#8220; column_direction_tablet=&#8220;default&#8220; column_direction_phone=&#8220;default&#8220; scene_position=&#8220;center&#8220; text_color=&#8220;dark&#8220; text_align=&#8220;left&#8220;...","og_url":"https:\/\/svkirchzarten.de\/ski-nordisch\/2025\/10\/06\/die-saison-25-26-ist-eroeffnet\/","og_site_name":"Ski Nordisch &amp; Biathlon","article_published_time":"2025-10-06T07:48:23+00:00","article_modified_time":"2025-10-06T10:32:06+00:00","og_image":[{"width":2560,"height":1920,"url":"https:\/\/svkirchzarten.de\/ski-nordisch\/wp-content\/uploads\/sites\/24\/2025\/10\/IMG_61341-scaled.jpg","type":"image\/jpeg"}],"author":"Christian Kaindl","twitter_card":"summary_large_image","twitter_misc":{"Verfasst von":"Christian Kaindl","Gesch\u00e4tzte Lesezeit":"6\u00a0Minuten"},"schema":{"@context":"https:\/\/schema.org","@graph":[{"@type":"Article","@id":"https:\/\/svkirchzarten.de\/ski-nordisch\/2025\/10\/06\/die-saison-25-26-ist-eroeffnet\/#article","isPartOf":{"@id":"https:\/\/svkirchzarten.de\/ski-nordisch\/2025\/10\/06\/die-saison-25-26-ist-eroeffnet\/"},"author":{"name":"Christian Kaindl","@id":"https:\/\/svkirchzarten.de\/ski-nordisch\/#\/schema\/person\/80c2f86955ce73e271cd302f7ccd3859"},"headline":"Die Saison 25-26 ist er\u00f6ffnet","datePublished":"2025-10-06T07:48:23+00:00","dateModified":"2025-10-06T10:32:06+00:00","mainEntityOfPage":{"@id":"https:\/\/svkirchzarten.de\/ski-nordisch\/2025\/10\/06\/die-saison-25-26-ist-eroeffnet\/"},"wordCount":1983,"image":{"@id":"https:\/\/svkirchzarten.de\/ski-nordisch\/2025\/10\/06\/die-saison-25-26-ist-eroeffnet\/#primaryimage"},"thumbnailUrl":"https:\/\/svkirchzarten.de\/ski-nordisch\/wp-content\/uploads\/sites\/24\/2025\/10\/IMG_61341-scaled.jpg","articleSection":["Nordisch"],"inLanguage":"de"},{"@type":"WebPage","@id":"https:\/\/svkirchzarten.de\/ski-nordisch\/2025\/10\/06\/die-saison-25-26-ist-eroeffnet\/","url":"https:\/\/svkirchzarten.de\/ski-nordisch\/2025\/10\/06\/die-saison-25-26-ist-eroeffnet\/","name":"Die Saison 25-26 ist er\u00f6ffnet | Ski Nordisch &amp; Biathlon","isPartOf":{"@id":"https:\/\/svkirchzarten.de\/ski-nordisch\/#website"},"primaryImageOfPage":{"@id":"https:\/\/svkirchzarten.de\/ski-nordisch\/2025\/10\/06\/die-saison-25-26-ist-eroeffnet\/#primaryimage"},"image":{"@id":"https:\/\/svkirchzarten.de\/ski-nordisch\/2025\/10\/06\/die-saison-25-26-ist-eroeffnet\/#primaryimage"},"thumbnailUrl":"https:\/\/svkirchzarten.de\/ski-nordisch\/wp-content\/uploads\/sites\/24\/2025\/10\/IMG_61341-scaled.jpg","datePublished":"2025-10-06T07:48:23+00:00","dateModified":"2025-10-06T10:32:06+00:00","author":{"@id":"https:\/\/svkirchzarten.de\/ski-nordisch\/#\/schema\/person\/80c2f86955ce73e271cd302f7ccd3859"},"breadcrumb":{"@id":"https:\/\/svkirchzarten.de\/ski-nordisch\/2025\/10\/06\/die-saison-25-26-ist-eroeffnet\/#breadcrumb"},"inLanguage":"de","potentialAction":[{"@type":"ReadAction","target":["https:\/\/svkirchzarten.de\/ski-nordisch\/2025\/10\/06\/die-saison-25-26-ist-eroeffnet\/"]}]},{"@type":"ImageObject","inLanguage":"de","@id":"https:\/\/svkirchzarten.de\/ski-nordisch\/2025\/10\/06\/die-saison-25-26-ist-eroeffnet\/#primaryimage","url":"https:\/\/svkirchzarten.de\/ski-nordisch\/wp-content\/uploads\/sites\/24\/2025\/10\/IMG_61341-scaled.jpg","contentUrl":"https:\/\/svkirchzarten.de\/ski-nordisch\/wp-content\/uploads\/sites\/24\/2025\/10\/IMG_61341-scaled.jpg","width":2560,"height":1920},{"@type":"BreadcrumbList","@id":"https:\/\/svkirchzarten.de\/ski-nordisch\/2025\/10\/06\/die-saison-25-26-ist-eroeffnet\/#breadcrumb","itemListElement":[{"@type":"ListItem","position":1,"name":"SV Kirchzarten","item":"https:\/\/svkirchzarten.de\/ski-nordisch\/"},{"@type":"ListItem","position":2,"name":"Die Saison 25-26 ist er\u00f6ffnet"}]},{"@type":"WebSite","@id":"https:\/\/svkirchzarten.de\/ski-nordisch\/#website","url":"https:\/\/svkirchzarten.de\/ski-nordisch\/","name":"Ski Nordisch","description":"","alternateName":"SV Kirchzarten Ski Nordisch","potentialAction":[{"@type":"SearchAction","target":{"@type":"EntryPoint","urlTemplate":"https:\/\/svkirchzarten.de\/ski-nordisch\/?s={search_term_string}"},"query-input":{"@type":"PropertyValueSpecification","valueRequired":true,"valueName":"search_term_string"}}],"inLanguage":"de"},{"@type":"Person","@id":"https:\/\/svkirchzarten.de\/ski-nordisch\/#\/schema\/person\/80c2f86955ce73e271cd302f7ccd3859","name":"Christian Kaindl","image":{"@type":"ImageObject","inLanguage":"de","@id":"https:\/\/secure.gravatar.com\/avatar\/00b03b3ba53f6adb49bbfcbe6facabc62e1e04d2f0f058a4751732f5b8997c03?s=96&d=mm&r=g","url":"https:\/\/secure.gravatar.com\/avatar\/00b03b3ba53f6adb49bbfcbe6facabc62e1e04d2f0f058a4751732f5b8997c03?s=96&d=mm&r=g","contentUrl":"https:\/\/secure.gravatar.com\/avatar\/00b03b3ba53f6adb49bbfcbe6facabc62e1e04d2f0f058a4751732f5b8997c03?s=96&d=mm&r=g","caption":"Christian Kaindl"},"url":"https:\/\/svkirchzarten.de\/ski-nordisch\/author\/chris\/"}]}},"publishpress_future_action":{"enabled":false,"date":"2026-05-09 12:06:53","action":"change-status","newStatus":"draft","terms":[],"taxonomy":"category","extraData":[]},"publishpress_future_workflow_manual_trigger":{"enabledWorkflows":[]},"_links":{"self":[{"href":"https:\/\/svkirchzarten.de\/ski-nordisch\/wp-json\/wp\/v2\/posts\/2152","targetHints":{"allow":["GET"]}}],"collection":[{"href":"https:\/\/svkirchzarten.de\/ski-nordisch\/wp-json\/wp\/v2\/posts"}],"about":[{"href":"https:\/\/svkirchzarten.de\/ski-nordisch\/wp-json\/wp\/v2\/types\/post"}],"author":[{"embeddable":true,"href":"https:\/\/svkirchzarten.de\/ski-nordisch\/wp-json\/wp\/v2\/users\/3"}],"replies":[{"embeddable":true,"href":"https:\/\/svkirchzarten.de\/ski-nordisch\/wp-json\/wp\/v2\/comments?post=2152"}],"version-history":[{"count":5,"href":"https:\/\/svkirchzarten.de\/ski-nordisch\/wp-json\/wp\/v2\/posts\/2152\/revisions"}],"predecessor-version":[{"id":2162,"href":"https:\/\/svkirchzarten.de\/ski-nordisch\/wp-json\/wp\/v2\/posts\/2152\/revisions\/2162"}],"wp:featuredmedia":[{"embeddable":true,"href":"https:\/\/svkirchzarten.de\/ski-nordisch\/wp-json\/wp\/v2\/media\/2157"}],"wp:attachment":[{"href":"https:\/\/svkirchzarten.de\/ski-nordisch\/wp-json\/wp\/v2\/media?parent=2152"}],"wp:term":[{"taxonomy":"category","embeddable":true,"href":"https:\/\/svkirchzarten.de\/ski-nordisch\/wp-json\/wp\/v2\/categories?post=2152"},{"taxonomy":"post_tag","embeddable":true,"href":"https:\/\/svkirchzarten.de\/ski-nordisch\/wp-json\/wp\/v2\/tags?post=2152"}],"curies":[{"name":"wp","href":"https:\/\/api.w.org\/{rel}","templated":true}]}}