{"id":2036,"date":"2025-02-06T11:31:12","date_gmt":"2025-02-06T10:31:12","guid":{"rendered":"https:\/\/svkirchzarten.de\/ski-nordisch\/?p=2036"},"modified":"2025-02-06T11:31:12","modified_gmt":"2025-02-06T10:31:12","slug":"der-svk-stellt-vier-schwarzwaldmeister","status":"publish","type":"post","link":"https:\/\/svkirchzarten.de\/ski-nordisch\/2025\/02\/06\/der-svk-stellt-vier-schwarzwaldmeister\/","title":{"rendered":"Der SVK stellt vier Schwarzwaldmeister"},"content":{"rendered":"[vc_row type=&#8220;in_container&#8220; full_screen_row_position=&#8220;middle&#8220; column_margin=&#8220;default&#8220; column_direction=&#8220;default&#8220; column_direction_tablet=&#8220;default&#8220; column_direction_phone=&#8220;default&#8220; scene_position=&#8220;center&#8220; text_color=&#8220;dark&#8220; text_align=&#8220;left&#8220; row_border_radius=&#8220;none&#8220; row_border_radius_applies=&#8220;bg&#8220; overflow=&#8220;visible&#8220; overlay_strength=&#8220;0.3&#8243; gradient_direction=&#8220;left_to_right&#8220; shape_divider_position=&#8220;bottom&#8220; bg_image_animation=&#8220;none&#8220;][vc_column column_padding=&#8220;no-extra-padding&#8220; column_padding_tablet=&#8220;inherit&#8220; column_padding_phone=&#8220;inherit&#8220; column_padding_position=&#8220;all&#8220; column_element_direction_desktop=&#8220;default&#8220; column_element_spacing=&#8220;default&#8220; desktop_text_alignment=&#8220;default&#8220; tablet_text_alignment=&#8220;default&#8220; phone_text_alignment=&#8220;default&#8220; background_color_opacity=&#8220;1&#8243; background_hover_color_opacity=&#8220;1&#8243; column_backdrop_filter=&#8220;none&#8220; column_shadow=&#8220;none&#8220; column_border_radius=&#8220;none&#8220; column_link_target=&#8220;_self&#8220; column_position=&#8220;default&#8220; gradient_direction=&#8220;left_to_right&#8220; overlay_strength=&#8220;0.3&#8243; width=&#8220;1\/1&#8243; tablet_width_inherit=&#8220;default&#8220; animation_type=&#8220;default&#8220; bg_image_animation=&#8220;none&#8220; border_type=&#8220;simple&#8220; column_border_width=&#8220;none&#8220; column_border_style=&#8220;solid&#8220;][vc_column_text css=&#8220;&#8220; text_direction=&#8220;default&#8220;]<strong>Gewinner sind Markus Sommerhalter, Maxime Abel-R\u00f6cker, Clara Schmidt und Theo Schuler<\/strong><\/p>\n<p>Bei besten Bedingungen konnte der Skiclub St. Georgen auf der Biathlonanlage im Wei\u00dfenbachtal den Schwarzw\u00e4lder L\u00e4ufertag durchf\u00fchren. Die Kirchzartner Langl\u00e4ufer waren mit 40 Teilnehmern von der Kinderklasse U8 bis zur Damen- und Herrenklasse am Start.<\/p>\n<p>Schwarzwaldmeister mit Tagesbestzeit wurde Markus Sommerhalter, der mit viel Mut zu den Skating Skiern griff und in der an diesem Tag schnellen Loipe die 7,5km in der Doppelstocktechnik durchschob. Luis Schuler, noch in der Jugendklasse unterwegs, hatte beste Chancen in seiner aktuellen Form, um den Titel mitzulaufen. Gehandicapt durch einen fr\u00fchen Stockbruch, war er mehr als einen km mit nur einem Stock unterwegs und musste sich so am Ende unserem Sch\u00fclertrainer Markus knapp geschlagen geben. Luis erreichte hinter seinen beiden LG1-Trainingspartnern Max Braun und Matthis Maier in der Jugendklasse Rang 3.<\/p>\n<p>Die Sch\u00fclerklasse U14\/15m entschied Maxime Abel-R\u00f6cker f\u00fcr sich. Er darf ebenso wie Clara Schmidt in der Klasse U14\/15w den Titel Schwarzwaldmeister f\u00fchren. Aktuell sind Clara und Maxime mit ihrem derzeitigen Leistungspotenzial im Sch\u00fclerkader der SBW mit die st\u00e4rksten L\u00e4ufer. Fritzi Otto \u00fcberzeugte zudem mit einem dritten Rang hinter Clara und war damit hoch zufrieden, zumal beide alle M\u00e4dchen des \u00e4lteren Jahrgangs hinter sich lie\u00dfen.<\/p>\n<p>Den vierten Meistertitel holte sich Theo Schuler in der U12\/13m. Theo entschied dieses Rennen in der von ihm bevorzugten klassischen Technik mit deutlichem Vorsprung f\u00fcr sich.<\/p>\n<p>Maxi Strittmatter hatte etwas Pech mit ihrem Startplatz. Ihre st\u00e4rkste Konkurrentin Ann-Helene startete direkt nach ihr, so dass Maxi knapp geschlagen Vizemeisterin in der Jugendklasse weiblich wurde. Theresa L\u00fcdeke war nach l\u00e4ngerer Verletzung erstmals wieder am Start und wurde gute Vierte.<\/p>\n<p>Gleichfalls Vizemeisterin wurde in der Damenklasse Mara Eckerle.<\/p>\n<p>In den j\u00fcngsten Altersklassen war der Kirchzartner Nachwuchs gut vertreten. So nahmen in den Paraklassen mit Johannes van Santen, Henri Reichert, Jona Maier und Mathilda Seifert vier Kinder teil. F\u00fcr alle vier war die sehr schnelle Strecke eine gro\u00dfe Herausforderung, die sie mit Bravour bew\u00e4ltigten.<\/p>\n<p>Mit Constantin Abel-R\u00f6cker auf Rang eins, Ben Zimmermann auf Zwei, Emil Wenzel auf Vier, Moritz Eckmann auf Sechs und Oskar Wiegmann auf Rang elf dominierte unser Nachwuchs in der U9m das Renngeschehen. Die U11er standen dem nicht nach. Lilly Schmidt gewann bei den M\u00e4dchen vor Skadi Rombach, die auf Rang 3 ins Ziel kam. Bei den Jungs U11 war diesmal Anton Wenzel der Gewinner, gefolgt von Noah Ertle auf Drei und Joscha Wilkens auf Vier.<\/p>\n<p>Erw\u00e4hnt werden sollen ebenfalls Emil Schaffrik, der in der U8m Dritter wurde und Janne Rombach, die es ihm in der U9w gleichtat, gefolgt von Lina Wenzel als Vierte.<\/p>\n<p>Die Langl\u00e4uferinnen und Langl\u00e4ufer unseres SV K gewannen zum 13. Mal in Folge den Wanderpokal des Schwarzw\u00e4lder Skiverbandes. Diese Auszeichnung wird an den Skiclub vergeben, der \u00fcber alle Altersklassen hinweg am meisten Punkte erringt. Besonders erfreulich dabei, dass die Punkte fast ausschlie\u00dflich vom Nachwuchs errungen wurde und die M\u00fctter und V\u00e4ter f\u00fcr die Sicherung dieser Troph\u00e4e nicht mehr an den Start m\u00fcssen.<\/p>\n<p>Gez. Bg[\/vc_column_text][\/vc_column][\/vc_row][vc_row type=&#8220;in_container&#8220; full_screen_row_position=&#8220;middle&#8220; column_margin=&#8220;default&#8220; column_direction=&#8220;default&#8220; column_direction_tablet=&#8220;default&#8220; column_direction_phone=&#8220;default&#8220; scene_position=&#8220;center&#8220; text_color=&#8220;dark&#8220; text_align=&#8220;left&#8220; row_border_radius=&#8220;none&#8220; row_border_radius_applies=&#8220;bg&#8220; overflow=&#8220;visible&#8220; overlay_strength=&#8220;0.3&#8243; gradient_direction=&#8220;left_to_right&#8220; shape_divider_position=&#8220;bottom&#8220; bg_image_animation=&#8220;none&#8220;][vc_column column_padding=&#8220;no-extra-padding&#8220; column_padding_tablet=&#8220;inherit&#8220; column_padding_phone=&#8220;inherit&#8220; column_padding_position=&#8220;all&#8220; column_element_direction_desktop=&#8220;default&#8220; column_element_spacing=&#8220;default&#8220; desktop_text_alignment=&#8220;default&#8220; tablet_text_alignment=&#8220;default&#8220; phone_text_alignment=&#8220;default&#8220; background_color_opacity=&#8220;1&#8243; background_hover_color_opacity=&#8220;1&#8243; column_backdrop_filter=&#8220;none&#8220; column_shadow=&#8220;none&#8220; column_border_radius=&#8220;none&#8220; column_link_target=&#8220;_self&#8220; column_position=&#8220;default&#8220; gradient_direction=&#8220;left_to_right&#8220; overlay_strength=&#8220;0.3&#8243; width=&#8220;1\/1&#8243; tablet_width_inherit=&#8220;default&#8220; animation_type=&#8220;default&#8220; bg_image_animation=&#8220;none&#8220; border_type=&#8220;simple&#8220; column_border_width=&#8220;none&#8220; column_border_style=&#8220;solid&#8220;][image_with_animation image_url=&#8220;2037&#8243; image_size=&#8220;medium_large&#8220; animation_type=&#8220;entrance&#8220; animation=&#8220;None&#8220; animation_movement_type=&#8220;transform_y&#8220; hover_animation=&#8220;none&#8220; alignment=&#8220;&#8220; img_link_large=&#8220;yes&#8220; border_radius=&#8220;none&#8220; box_shadow=&#8220;none&#8220; image_loading=&#8220;default&#8220; max_width=&#8220;100%&#8220; max_width_mobile=&#8220;default&#8220;][image_with_animation image_url=&#8220;2038&#8243; image_size=&#8220;medium_large&#8220; animation_type=&#8220;entrance&#8220; animation=&#8220;None&#8220; animation_movement_type=&#8220;transform_y&#8220; hover_animation=&#8220;none&#8220; alignment=&#8220;&#8220; img_link_large=&#8220;yes&#8220; border_radius=&#8220;none&#8220; box_shadow=&#8220;none&#8220; image_loading=&#8220;default&#8220; max_width=&#8220;100%&#8220; max_width_mobile=&#8220;default&#8220;][\/vc_column][\/vc_row]\n","protected":false},"excerpt":{"rendered":"<p>[vc_row type=&#8220;in_container&#8220; full_screen_row_position=&#8220;middle&#8220; column_margin=&#8220;default&#8220; column_direction=&#8220;default&#8220; column_direction_tablet=&#8220;default&#8220; column_direction_phone=&#8220;default&#8220; scene_position=&#8220;center&#8220; text_color=&#8220;dark&#8220; text_align=&#8220;left&#8220;&#8230;<\/p>\n","protected":false},"author":3,"featured_media":2038,"comment_status":"closed","ping_status":"open","sticky":false,"template":"","format":"standard","meta":{"footnotes":""},"categories":[1,4],"tags":[],"class_list":{"0":"post-2036","1":"post","2":"type-post","3":"status-publish","4":"format-standard","5":"has-post-thumbnail","7":"category-allgemein","8":"category-nordisch"},"yoast_head":"<!-- This site is optimized with the Yoast SEO plugin v27.4 - https:\/\/yoast.com\/product\/yoast-seo-wordpress\/ -->\n<title>Der SVK stellt vier Schwarzwaldmeister | Ski Nordisch &amp; Biathlon<\/title>\n<meta name=\"robots\" content=\"index, follow, max-snippet:-1, max-image-preview:large, max-video-preview:-1\" \/>\n<link rel=\"canonical\" href=\"https:\/\/svkirchzarten.de\/ski-nordisch\/2025\/02\/06\/der-svk-stellt-vier-schwarzwaldmeister\/\" \/>\n<meta property=\"og:locale\" content=\"de_DE\" \/>\n<meta property=\"og:type\" content=\"article\" \/>\n<meta property=\"og:title\" content=\"Der SVK stellt vier Schwarzwaldmeister | Ski Nordisch &amp; Biathlon\" \/>\n<meta property=\"og:description\" content=\"[vc_row type=&#8220;in_container&#8220; full_screen_row_position=&#8220;middle&#8220; column_margin=&#8220;default&#8220; column_direction=&#8220;default&#8220; column_direction_tablet=&#8220;default&#8220; column_direction_phone=&#8220;default&#8220; scene_position=&#8220;center&#8220; text_color=&#8220;dark&#8220; text_align=&#8220;left&#8220;...\" \/>\n<meta property=\"og:url\" content=\"https:\/\/svkirchzarten.de\/ski-nordisch\/2025\/02\/06\/der-svk-stellt-vier-schwarzwaldmeister\/\" \/>\n<meta property=\"og:site_name\" content=\"Ski Nordisch &amp; Biathlon\" \/>\n<meta property=\"article:published_time\" content=\"2025-02-06T10:31:12+00:00\" \/>\n<meta property=\"og:image\" content=\"https:\/\/svkirchzarten.de\/ski-nordisch\/wp-content\/uploads\/sites\/24\/2025\/02\/SVK-bester-Verein-scaled.jpg\" \/>\n\t<meta property=\"og:image:width\" content=\"2560\" \/>\n\t<meta property=\"og:image:height\" content=\"1440\" \/>\n\t<meta property=\"og:image:type\" content=\"image\/jpeg\" \/>\n<meta name=\"author\" content=\"Christian Kaindl\" \/>\n<meta name=\"twitter:card\" content=\"summary_large_image\" \/>\n<meta name=\"twitter:label1\" content=\"Verfasst von\" \/>\n\t<meta name=\"twitter:data1\" content=\"Christian Kaindl\" \/>\n\t<meta name=\"twitter:label2\" content=\"Gesch\u00e4tzte Lesezeit\" \/>\n\t<meta name=\"twitter:data2\" content=\"4\u00a0Minuten\" \/>\n<script type=\"application\/ld+json\" class=\"yoast-schema-graph\">{\"@context\":\"https:\\\/\\\/schema.org\",\"@graph\":[{\"@type\":\"Article\",\"@id\":\"https:\\\/\\\/svkirchzarten.de\\\/ski-nordisch\\\/2025\\\/02\\\/06\\\/der-svk-stellt-vier-schwarzwaldmeister\\\/#article\",\"isPartOf\":{\"@id\":\"https:\\\/\\\/svkirchzarten.de\\\/ski-nordisch\\\/2025\\\/02\\\/06\\\/der-svk-stellt-vier-schwarzwaldmeister\\\/\"},\"author\":{\"name\":\"Christian Kaindl\",\"@id\":\"https:\\\/\\\/svkirchzarten.de\\\/ski-nordisch\\\/#\\\/schema\\\/person\\\/80c2f86955ce73e271cd302f7ccd3859\"},\"headline\":\"Der SVK stellt vier Schwarzwaldmeister\",\"datePublished\":\"2025-02-06T10:31:12+00:00\",\"mainEntityOfPage\":{\"@id\":\"https:\\\/\\\/svkirchzarten.de\\\/ski-nordisch\\\/2025\\\/02\\\/06\\\/der-svk-stellt-vier-schwarzwaldmeister\\\/\"},\"wordCount\":940,\"image\":{\"@id\":\"https:\\\/\\\/svkirchzarten.de\\\/ski-nordisch\\\/2025\\\/02\\\/06\\\/der-svk-stellt-vier-schwarzwaldmeister\\\/#primaryimage\"},\"thumbnailUrl\":\"https:\\\/\\\/svkirchzarten.de\\\/ski-nordisch\\\/wp-content\\\/uploads\\\/sites\\\/24\\\/2025\\\/02\\\/SVK-bester-Verein-scaled.jpg\",\"articleSection\":{\"1\":\"Nordisch\"},\"inLanguage\":\"de\"},{\"@type\":\"WebPage\",\"@id\":\"https:\\\/\\\/svkirchzarten.de\\\/ski-nordisch\\\/2025\\\/02\\\/06\\\/der-svk-stellt-vier-schwarzwaldmeister\\\/\",\"url\":\"https:\\\/\\\/svkirchzarten.de\\\/ski-nordisch\\\/2025\\\/02\\\/06\\\/der-svk-stellt-vier-schwarzwaldmeister\\\/\",\"name\":\"Der SVK stellt vier Schwarzwaldmeister | Ski Nordisch &amp; Biathlon\",\"isPartOf\":{\"@id\":\"https:\\\/\\\/svkirchzarten.de\\\/ski-nordisch\\\/#website\"},\"primaryImageOfPage\":{\"@id\":\"https:\\\/\\\/svkirchzarten.de\\\/ski-nordisch\\\/2025\\\/02\\\/06\\\/der-svk-stellt-vier-schwarzwaldmeister\\\/#primaryimage\"},\"image\":{\"@id\":\"https:\\\/\\\/svkirchzarten.de\\\/ski-nordisch\\\/2025\\\/02\\\/06\\\/der-svk-stellt-vier-schwarzwaldmeister\\\/#primaryimage\"},\"thumbnailUrl\":\"https:\\\/\\\/svkirchzarten.de\\\/ski-nordisch\\\/wp-content\\\/uploads\\\/sites\\\/24\\\/2025\\\/02\\\/SVK-bester-Verein-scaled.jpg\",\"datePublished\":\"2025-02-06T10:31:12+00:00\",\"author\":{\"@id\":\"https:\\\/\\\/svkirchzarten.de\\\/ski-nordisch\\\/#\\\/schema\\\/person\\\/80c2f86955ce73e271cd302f7ccd3859\"},\"breadcrumb\":{\"@id\":\"https:\\\/\\\/svkirchzarten.de\\\/ski-nordisch\\\/2025\\\/02\\\/06\\\/der-svk-stellt-vier-schwarzwaldmeister\\\/#breadcrumb\"},\"inLanguage\":\"de\",\"potentialAction\":[{\"@type\":\"ReadAction\",\"target\":[\"https:\\\/\\\/svkirchzarten.de\\\/ski-nordisch\\\/2025\\\/02\\\/06\\\/der-svk-stellt-vier-schwarzwaldmeister\\\/\"]}]},{\"@type\":\"ImageObject\",\"inLanguage\":\"de\",\"@id\":\"https:\\\/\\\/svkirchzarten.de\\\/ski-nordisch\\\/2025\\\/02\\\/06\\\/der-svk-stellt-vier-schwarzwaldmeister\\\/#primaryimage\",\"url\":\"https:\\\/\\\/svkirchzarten.de\\\/ski-nordisch\\\/wp-content\\\/uploads\\\/sites\\\/24\\\/2025\\\/02\\\/SVK-bester-Verein-scaled.jpg\",\"contentUrl\":\"https:\\\/\\\/svkirchzarten.de\\\/ski-nordisch\\\/wp-content\\\/uploads\\\/sites\\\/24\\\/2025\\\/02\\\/SVK-bester-Verein-scaled.jpg\",\"width\":2560,\"height\":1440},{\"@type\":\"BreadcrumbList\",\"@id\":\"https:\\\/\\\/svkirchzarten.de\\\/ski-nordisch\\\/2025\\\/02\\\/06\\\/der-svk-stellt-vier-schwarzwaldmeister\\\/#breadcrumb\",\"itemListElement\":[{\"@type\":\"ListItem\",\"position\":1,\"name\":\"SV Kirchzarten\",\"item\":\"https:\\\/\\\/svkirchzarten.de\\\/ski-nordisch\\\/\"},{\"@type\":\"ListItem\",\"position\":2,\"name\":\"Der SVK stellt vier Schwarzwaldmeister\"}]},{\"@type\":\"WebSite\",\"@id\":\"https:\\\/\\\/svkirchzarten.de\\\/ski-nordisch\\\/#website\",\"url\":\"https:\\\/\\\/svkirchzarten.de\\\/ski-nordisch\\\/\",\"name\":\"Ski Nordisch\",\"description\":\"\",\"alternateName\":\"SV Kirchzarten Ski Nordisch\",\"potentialAction\":[{\"@type\":\"SearchAction\",\"target\":{\"@type\":\"EntryPoint\",\"urlTemplate\":\"https:\\\/\\\/svkirchzarten.de\\\/ski-nordisch\\\/?s={search_term_string}\"},\"query-input\":{\"@type\":\"PropertyValueSpecification\",\"valueRequired\":true,\"valueName\":\"search_term_string\"}}],\"inLanguage\":\"de\"},{\"@type\":\"Person\",\"@id\":\"https:\\\/\\\/svkirchzarten.de\\\/ski-nordisch\\\/#\\\/schema\\\/person\\\/80c2f86955ce73e271cd302f7ccd3859\",\"name\":\"Christian Kaindl\",\"image\":{\"@type\":\"ImageObject\",\"inLanguage\":\"de\",\"@id\":\"https:\\\/\\\/secure.gravatar.com\\\/avatar\\\/00b03b3ba53f6adb49bbfcbe6facabc62e1e04d2f0f058a4751732f5b8997c03?s=96&d=mm&r=g\",\"url\":\"https:\\\/\\\/secure.gravatar.com\\\/avatar\\\/00b03b3ba53f6adb49bbfcbe6facabc62e1e04d2f0f058a4751732f5b8997c03?s=96&d=mm&r=g\",\"contentUrl\":\"https:\\\/\\\/secure.gravatar.com\\\/avatar\\\/00b03b3ba53f6adb49bbfcbe6facabc62e1e04d2f0f058a4751732f5b8997c03?s=96&d=mm&r=g\",\"caption\":\"Christian Kaindl\"},\"url\":\"https:\\\/\\\/svkirchzarten.de\\\/ski-nordisch\\\/author\\\/chris\\\/\"}]}<\/script>\n<!-- \/ Yoast SEO plugin. -->","yoast_head_json":{"title":"Der SVK stellt vier Schwarzwaldmeister | Ski Nordisch &amp; Biathlon","robots":{"index":"index","follow":"follow","max-snippet":"max-snippet:-1","max-image-preview":"max-image-preview:large","max-video-preview":"max-video-preview:-1"},"canonical":"https:\/\/svkirchzarten.de\/ski-nordisch\/2025\/02\/06\/der-svk-stellt-vier-schwarzwaldmeister\/","og_locale":"de_DE","og_type":"article","og_title":"Der SVK stellt vier Schwarzwaldmeister | Ski Nordisch &amp; Biathlon","og_description":"[vc_row type=&#8220;in_container&#8220; full_screen_row_position=&#8220;middle&#8220; column_margin=&#8220;default&#8220; column_direction=&#8220;default&#8220; column_direction_tablet=&#8220;default&#8220; column_direction_phone=&#8220;default&#8220; scene_position=&#8220;center&#8220; text_color=&#8220;dark&#8220; text_align=&#8220;left&#8220;...","og_url":"https:\/\/svkirchzarten.de\/ski-nordisch\/2025\/02\/06\/der-svk-stellt-vier-schwarzwaldmeister\/","og_site_name":"Ski Nordisch &amp; Biathlon","article_published_time":"2025-02-06T10:31:12+00:00","og_image":[{"width":2560,"height":1440,"url":"https:\/\/svkirchzarten.de\/ski-nordisch\/wp-content\/uploads\/sites\/24\/2025\/02\/SVK-bester-Verein-scaled.jpg","type":"image\/jpeg"}],"author":"Christian Kaindl","twitter_card":"summary_large_image","twitter_misc":{"Verfasst von":"Christian Kaindl","Gesch\u00e4tzte Lesezeit":"4\u00a0Minuten"},"schema":{"@context":"https:\/\/schema.org","@graph":[{"@type":"Article","@id":"https:\/\/svkirchzarten.de\/ski-nordisch\/2025\/02\/06\/der-svk-stellt-vier-schwarzwaldmeister\/#article","isPartOf":{"@id":"https:\/\/svkirchzarten.de\/ski-nordisch\/2025\/02\/06\/der-svk-stellt-vier-schwarzwaldmeister\/"},"author":{"name":"Christian Kaindl","@id":"https:\/\/svkirchzarten.de\/ski-nordisch\/#\/schema\/person\/80c2f86955ce73e271cd302f7ccd3859"},"headline":"Der SVK stellt vier Schwarzwaldmeister","datePublished":"2025-02-06T10:31:12+00:00","mainEntityOfPage":{"@id":"https:\/\/svkirchzarten.de\/ski-nordisch\/2025\/02\/06\/der-svk-stellt-vier-schwarzwaldmeister\/"},"wordCount":940,"image":{"@id":"https:\/\/svkirchzarten.de\/ski-nordisch\/2025\/02\/06\/der-svk-stellt-vier-schwarzwaldmeister\/#primaryimage"},"thumbnailUrl":"https:\/\/svkirchzarten.de\/ski-nordisch\/wp-content\/uploads\/sites\/24\/2025\/02\/SVK-bester-Verein-scaled.jpg","articleSection":{"1":"Nordisch"},"inLanguage":"de"},{"@type":"WebPage","@id":"https:\/\/svkirchzarten.de\/ski-nordisch\/2025\/02\/06\/der-svk-stellt-vier-schwarzwaldmeister\/","url":"https:\/\/svkirchzarten.de\/ski-nordisch\/2025\/02\/06\/der-svk-stellt-vier-schwarzwaldmeister\/","name":"Der SVK stellt vier Schwarzwaldmeister | Ski Nordisch &amp; Biathlon","isPartOf":{"@id":"https:\/\/svkirchzarten.de\/ski-nordisch\/#website"},"primaryImageOfPage":{"@id":"https:\/\/svkirchzarten.de\/ski-nordisch\/2025\/02\/06\/der-svk-stellt-vier-schwarzwaldmeister\/#primaryimage"},"image":{"@id":"https:\/\/svkirchzarten.de\/ski-nordisch\/2025\/02\/06\/der-svk-stellt-vier-schwarzwaldmeister\/#primaryimage"},"thumbnailUrl":"https:\/\/svkirchzarten.de\/ski-nordisch\/wp-content\/uploads\/sites\/24\/2025\/02\/SVK-bester-Verein-scaled.jpg","datePublished":"2025-02-06T10:31:12+00:00","author":{"@id":"https:\/\/svkirchzarten.de\/ski-nordisch\/#\/schema\/person\/80c2f86955ce73e271cd302f7ccd3859"},"breadcrumb":{"@id":"https:\/\/svkirchzarten.de\/ski-nordisch\/2025\/02\/06\/der-svk-stellt-vier-schwarzwaldmeister\/#breadcrumb"},"inLanguage":"de","potentialAction":[{"@type":"ReadAction","target":["https:\/\/svkirchzarten.de\/ski-nordisch\/2025\/02\/06\/der-svk-stellt-vier-schwarzwaldmeister\/"]}]},{"@type":"ImageObject","inLanguage":"de","@id":"https:\/\/svkirchzarten.de\/ski-nordisch\/2025\/02\/06\/der-svk-stellt-vier-schwarzwaldmeister\/#primaryimage","url":"https:\/\/svkirchzarten.de\/ski-nordisch\/wp-content\/uploads\/sites\/24\/2025\/02\/SVK-bester-Verein-scaled.jpg","contentUrl":"https:\/\/svkirchzarten.de\/ski-nordisch\/wp-content\/uploads\/sites\/24\/2025\/02\/SVK-bester-Verein-scaled.jpg","width":2560,"height":1440},{"@type":"BreadcrumbList","@id":"https:\/\/svkirchzarten.de\/ski-nordisch\/2025\/02\/06\/der-svk-stellt-vier-schwarzwaldmeister\/#breadcrumb","itemListElement":[{"@type":"ListItem","position":1,"name":"SV Kirchzarten","item":"https:\/\/svkirchzarten.de\/ski-nordisch\/"},{"@type":"ListItem","position":2,"name":"Der SVK stellt vier Schwarzwaldmeister"}]},{"@type":"WebSite","@id":"https:\/\/svkirchzarten.de\/ski-nordisch\/#website","url":"https:\/\/svkirchzarten.de\/ski-nordisch\/","name":"Ski Nordisch","description":"","alternateName":"SV Kirchzarten Ski Nordisch","potentialAction":[{"@type":"SearchAction","target":{"@type":"EntryPoint","urlTemplate":"https:\/\/svkirchzarten.de\/ski-nordisch\/?s={search_term_string}"},"query-input":{"@type":"PropertyValueSpecification","valueRequired":true,"valueName":"search_term_string"}}],"inLanguage":"de"},{"@type":"Person","@id":"https:\/\/svkirchzarten.de\/ski-nordisch\/#\/schema\/person\/80c2f86955ce73e271cd302f7ccd3859","name":"Christian Kaindl","image":{"@type":"ImageObject","inLanguage":"de","@id":"https:\/\/secure.gravatar.com\/avatar\/00b03b3ba53f6adb49bbfcbe6facabc62e1e04d2f0f058a4751732f5b8997c03?s=96&d=mm&r=g","url":"https:\/\/secure.gravatar.com\/avatar\/00b03b3ba53f6adb49bbfcbe6facabc62e1e04d2f0f058a4751732f5b8997c03?s=96&d=mm&r=g","contentUrl":"https:\/\/secure.gravatar.com\/avatar\/00b03b3ba53f6adb49bbfcbe6facabc62e1e04d2f0f058a4751732f5b8997c03?s=96&d=mm&r=g","caption":"Christian Kaindl"},"url":"https:\/\/svkirchzarten.de\/ski-nordisch\/author\/chris\/"}]}},"publishpress_future_action":{"enabled":false,"date":"2026-05-02 11:57:38","action":"change-status","newStatus":"draft","terms":[],"taxonomy":"category","extraData":[]},"publishpress_future_workflow_manual_trigger":{"enabledWorkflows":[]},"_links":{"self":[{"href":"https:\/\/svkirchzarten.de\/ski-nordisch\/wp-json\/wp\/v2\/posts\/2036","targetHints":{"allow":["GET"]}}],"collection":[{"href":"https:\/\/svkirchzarten.de\/ski-nordisch\/wp-json\/wp\/v2\/posts"}],"about":[{"href":"https:\/\/svkirchzarten.de\/ski-nordisch\/wp-json\/wp\/v2\/types\/post"}],"author":[{"embeddable":true,"href":"https:\/\/svkirchzarten.de\/ski-nordisch\/wp-json\/wp\/v2\/users\/3"}],"replies":[{"embeddable":true,"href":"https:\/\/svkirchzarten.de\/ski-nordisch\/wp-json\/wp\/v2\/comments?post=2036"}],"version-history":[{"count":1,"href":"https:\/\/svkirchzarten.de\/ski-nordisch\/wp-json\/wp\/v2\/posts\/2036\/revisions"}],"predecessor-version":[{"id":2039,"href":"https:\/\/svkirchzarten.de\/ski-nordisch\/wp-json\/wp\/v2\/posts\/2036\/revisions\/2039"}],"wp:featuredmedia":[{"embeddable":true,"href":"https:\/\/svkirchzarten.de\/ski-nordisch\/wp-json\/wp\/v2\/media\/2038"}],"wp:attachment":[{"href":"https:\/\/svkirchzarten.de\/ski-nordisch\/wp-json\/wp\/v2\/media?parent=2036"}],"wp:term":[{"taxonomy":"category","embeddable":true,"href":"https:\/\/svkirchzarten.de\/ski-nordisch\/wp-json\/wp\/v2\/categories?post=2036"},{"taxonomy":"post_tag","embeddable":true,"href":"https:\/\/svkirchzarten.de\/ski-nordisch\/wp-json\/wp\/v2\/tags?post=2036"}],"curies":[{"name":"wp","href":"https:\/\/api.w.org\/{rel}","templated":true}]}}