{"id":2033,"date":"2025-02-03T16:24:02","date_gmt":"2025-02-03T15:24:02","guid":{"rendered":"https:\/\/svkirchzarten.de\/ski-nordisch\/?p=2033"},"modified":"2025-02-03T16:24:02","modified_gmt":"2025-02-03T15:24:02","slug":"geglueckter-start-in-die-langlaufsaison","status":"publish","type":"post","link":"https:\/\/svkirchzarten.de\/ski-nordisch\/2025\/02\/03\/geglueckter-start-in-die-langlaufsaison\/","title":{"rendered":"Gegl\u00fcckter Start in die Langlaufsaison"},"content":{"rendered":"[vc_row type=&#8220;in_container&#8220; full_screen_row_position=&#8220;middle&#8220; column_margin=&#8220;default&#8220; column_direction=&#8220;default&#8220; column_direction_tablet=&#8220;default&#8220; column_direction_phone=&#8220;default&#8220; scene_position=&#8220;center&#8220; text_color=&#8220;dark&#8220; text_align=&#8220;left&#8220; row_border_radius=&#8220;none&#8220; row_border_radius_applies=&#8220;bg&#8220; overflow=&#8220;visible&#8220; overlay_strength=&#8220;0.3&#8243; gradient_direction=&#8220;left_to_right&#8220; shape_divider_position=&#8220;bottom&#8220; bg_image_animation=&#8220;none&#8220;][vc_column column_padding=&#8220;no-extra-padding&#8220; column_padding_tablet=&#8220;inherit&#8220; column_padding_phone=&#8220;inherit&#8220; column_padding_position=&#8220;all&#8220; column_element_direction_desktop=&#8220;default&#8220; column_element_spacing=&#8220;default&#8220; desktop_text_alignment=&#8220;default&#8220; tablet_text_alignment=&#8220;default&#8220; phone_text_alignment=&#8220;default&#8220; background_color_opacity=&#8220;1&#8243; background_hover_color_opacity=&#8220;1&#8243; column_backdrop_filter=&#8220;none&#8220; column_shadow=&#8220;none&#8220; column_border_radius=&#8220;none&#8220; column_link_target=&#8220;_self&#8220; column_position=&#8220;default&#8220; gradient_direction=&#8220;left_to_right&#8220; overlay_strength=&#8220;0.3&#8243; width=&#8220;1\/1&#8243; tablet_width_inherit=&#8220;default&#8220; animation_type=&#8220;default&#8220; bg_image_animation=&#8220;none&#8220; border_type=&#8220;simple&#8220; column_border_width=&#8220;none&#8220; column_border_style=&#8220;solid&#8220;][vc_column_text css=&#8220;&#8220; text_direction=&#8220;default&#8220;]<strong>Matteo Lewe, Maxi Strittmatter und Clara Schmidt st\u00fcrmen auf DSV-Ebene aufs Podest<a href=\"#_ftn1\" name=\"_ftnref1\">[1]<\/a><\/strong><\/p>\n<p><em><a href=\"#_ftnref1\" name=\"_ftn1\">[1]<\/a> In Anbetracht der vielen Platzierungen unserer Jungen und M\u00e4dchen, Frauen und M\u00e4nner verzichten wir darauf Platzierungen je<\/em><em>nseits Top Ten aufzuf\u00fchren. Die Ergebnislisten sind auf der Homepage einsehbar.<\/em><\/p>\n<p>Die Skilangl\u00e4uferinnen und Skilangl\u00e4ufer waren seit Beginn des Winters bereits bei 14 Wettk\u00e4mpfen auf DSV- und Landesebene am Start. Herausragend dabei der Sieg von Matteo Lewe beim ersten Deutschlandpokal in Seefeld in der Herrenklasse als er den Sprint gewinnen konnte gegen gro\u00dfe Konkurrenz. Leider wurde Matteo im Anschluss krankheitsbedingt mehrfach zur\u00fcckgeworfen. Sein Trainings- und Wettkampfprogramm war dadurch erheblich beeintr\u00e4chtigt.<\/p>\n<p>Maxi Strittmatter, die wegen ihres Engagements im Bike-Sport erst sp\u00e4t ins Langlauftraining einsteigen konnte, sprintete \u00fcber die 1km-Sprintstrecke bei ihrem ersten Start im Deutschlandpokal in Oberstdorf zu aller \u00dcberraschung aufs Podest. Sie belegte den dritten Rang.<\/p>\n<p>Beim ersten Deutschen Sch\u00fclercup in Buntenbock konnte Clara Schmidt in der Altersklasse U14 ihre tollen Trainingsleistungen auf DSV-Ebene erstmals best\u00e4tigen. Auf der Langstrecke lief sie \u00fcber 4,5km in der klassischen Technik auf einen hervorragenden zweiten Rang. Mit Rang 6 beim Sprint in der Freien Technik liegt sie derzeit in der Gesamtwertung des DSC unter den ersten drei.<\/p>\n<p><strong>Die bisherigen Deutschlandpokalwettbewerbe<\/strong> bestritten vom SV Kirchzarten Matteo Lewe bei den Herren, Sven Kolb bei den Junioren, Luis Schuler in der U18 sowie Hans-Peter Schuler und Maxi Strittmatter in der U16.<\/p>\n<p>In <strong>Seefeld <\/strong>\u00fcberzeugte neben Matteo Lewe als Sprintsieger bei den Herren auch Luis Schuler. Er sprintete in der U18 ebenso wie Sven Kolb bei den Junioren jeweils auf einen hervorragenden 6.Rang. Sven \u00fcberraschte am zweiten Tag auf der von ihm weniger gesch\u00e4tzten Langstrecke als Achter.<\/p>\n<p>Der zweite DP f\u00fchrte das Kirchzartener Team nach <strong>Oberstdorf.<\/strong> Hier durften dann auch erstmals die U16 starten, in der Maxi am ersten Tag beste Baden-W\u00fcrttembergerin war. Luis Schuler verbesserte sich im Sprint gegen\u00fcber dem ersten DP nochmals um einen Rang. Er verpasste als bester Starter der SBW am Ende mit dem 5. Platz sehr knapp das Podest. Sven Kolb musste als Junior in der Herrenklasse antreten. Er war als Elfter Zweitbester seines Jahrgangs.<\/p>\n<p>Am zweiten Tag auf der Langstrecke schaffte es Luis Schuler nochmals als 8.Platzierter in die Top Ten ebenso wie Maxi Strittmatter auf Rang 9 und sein Bruder Hans Peter als Zehnplatzierter.<\/p>\n<p>Der dritte Deutschlandpokal fand am 25.\/26.01.25 <strong>am Arber<\/strong> statt. Auf der Langstrecke zeigte sich Hans-Peter Schuler von seiner besten Seite. Mit dem 4. Platz in der Freien Technik in der U16 schnupperte er auf DSV-Ebene in dieser Saison erstmals am Podest. Maxi Strittmatter lief im Sprint mit etwas Pech auf Rang 6 und bewies auf der Langstrecke mit Rang 7 ihr gewachsenes Stehverm\u00f6gen.<\/p>\n<p><strong>Im Schwarzwald<\/strong> konnten zwischenzeitlich f\u00fcnf Veranstaltungen durchgef\u00fchrt werden. Hier waren alle Altersklassen von der U9 bis zu den Damen und Herren aus unserer Skilanglaufgruppe am Start.<\/p>\n<p>Beim ersten Wettkampf <strong><em>Rund um Fr\u00f6hnd<\/em><\/strong> gewannen Moritz Eckmann und Janne Rombach die Altersklasse U9 m\u00e4nnl. bzw. weibl. Die U11 vertrat Noah Ertle als Zweiter, Lilly Schmidt als Dritte und ihre Trainingsgef\u00e4hrtin Skadi Rombach als Vierte.<\/p>\n<p>Theo Schuler gewann die U13. Er ist aktuell in seiner Altersklasse bisher bei allen Wettk\u00e4mpfen auf SVS-Ebene als Sieger durchs Ziel gelaufen. Die U14 dominierte Clara Schmidt, gefolgt von Fritzi Otto auf Rang 2. In der U16 wurde Hans-Peter Schuler direkt hinter seinem Trainingspartner Hannes Maier Zweiter. Sein Bruder Luis in der U18 und Valentin Haag bei den Herren kamen gleichfalls\u00a0 auf Rang 2 ins Ziel. Bei den Damen siegte Emily Weiss.<\/p>\n<p>In den beiden Sch\u00fclerklassen Parasport waren mit Jona Maier, Rang 1, Kilian Bonnemann, Rang 2, Emil Braun, Rang 3 sowie bei den \u00c4lteren Mathilda Seifert, Rang 1 und Clara F\u00f6hrenbach, Rang 2, am Start. Markus Sommerhalter hat in Zusammenarbeit mit Anni und Teresa Strecker und Michael Knupfer diese Kinder in den zur\u00fcckliegenden Monaten bestens auf die Herausforderungen in der Loipe vorbereitet und in die gemeinsame Trainingsgruppe der Sch\u00fcler integriert.<\/p>\n<p>Der zweite Wettbewerb war ein <strong>Techniksprint<\/strong> am 30. Dezember f\u00fcr die Sch\u00fcler U8-U15 in <strong>Sch\u00f6nwald<\/strong>. Viele unserer Jungen und M\u00e4dchen waren an dem Tag abwesend. Und doch errang der SV K f\u00fcnf Podestpl\u00e4tze. In der U9 weibl. siegte Janne Rombach, die U11 weibl. gewann Lilly Schmidt vor ihrer zweitplatzierten Trainingspartnerin Skadi Rombach. Theo Schule siegte in der U13 und Clara Schmidt gewann nicht nur die U14 weibl., sie war Tagesschnellste und gewann die Gesamtwertung. Fritzi Otto lief in der U14w auf Rang 4 und Nele Dupp\u00e9 in der U12 auf den 5. Platz.<\/p>\n<p>Die <strong>renommierte<\/strong> Veranstaltung <strong><em>Rund um Neukirch <\/em><\/strong>an Dreik\u00f6nig besuchten wir mit einem etwas gr\u00f6\u00dferen Team. Entsprechend viele Podestpl\u00e4tze gingen nach Kirchzarten. Erneut hatte in der U9w Janne Rombach die Nase vorn gefolgt von Lina Wenzel auf Rang 3. Bei den Jungs in der U9 dominierten gleich vier Kirchzartener Buben das Renngeschehen. Constantin Abel-R\u00f6cker lief auf Rang Eins gefolgt von Ben Zimmermann auf Zwei, Emil Wenzel auf Drei und Moritz Eckmann auf Vier. In der U11w lief Lilly Schmidt als Erstplatzierte wieder einmal allen davon. Skadi Rombach als Siebte haderte etwas mit einem stumpfen Ski. Anton Brandalise lief bei seinem ersten Wettkampf in dieser Saison in der U11m auf Rang 2 gefolgt von seinem Freund Anton Wenzel auf Rang vier und Noah Ertle auf Sieben. Nele Dupp\u00e9 kam in der U12w als Vierte ins Ziel.<\/p>\n<p>In der U13m war der Gewinner in seiner bevorzugten klassischen Technik einmal mehr Theo Schuler. Ebenso dominierte Clara Schmidt die U14w vor Fritzi Otto als Drittplatzierte. In der U14m zeigte sich Jonathan Lutz als Viertplatzierter erstmals in Podestn\u00e4he.<\/p>\n<p>Sven Kolb gewann die Juniorenklasse und \u00fcberzeugte als Drittplatzierter in der Bestenliste. Bei den Juniorinnen starteten Teresa Strecke und Mara Eckerle. Sie kamen auf Zwei und Vier ins Ziel.<\/p>\n<p>Beim <strong>Deutschen Sch\u00fclercup in Buntenbock <\/strong>waren bei den M\u00e4dchen Clara Schmidt, Fritzi Otto und Zo\u00e9 Nounkoua-Hinterberger am Start. \u00a0Maxime Abel-R\u00f6cker sowie Jonathan Lutz starteten bei den Jungs. Sie alle sammelten Punkte f\u00fcr die DSV-Talentpunktewertung. In den zur\u00fcckliegenden Jahren erhielten wir \u00fcber diese DSV-Wertung einen willkommenen Zuschuss in unsere Vereinskasse. Neben den bereits benannten Leistungen von Clara Schmidt, \u00fcberraschte Maxime Abel-R\u00f6cker mit seiner Laufleistung auf der Langstrecke. In seiner erst zweiten Wettkampfsaison deutete er mit Rang 8 an, welches Potenzial er bei kontinuierlichem Training zuk\u00fcnftig abzurufen vermag.<\/p>\n<p>Die <strong>Sprintmeisterschaften des Schwarzw\u00e4lder Skiverbandes<\/strong> fanden am 21. Januar im Hinterzartener Skistadion bei besten Wettkampfbedingungen statt. Absolviert wurde von allen Teilnehmern ein Prolog in dem sich jede L\u00e4uferin und jeder L\u00e4ufer gem\u00e4\u00df seiner Prologzeit f\u00fcr ein Heat qualifizierte. Die U11-13m gewann in dem in der Skatingtechnik ausgetragenen Rennen einmal mehr Theo Schuler mit Brustbreite vor dem ein Jahr j\u00fcngeren Frido Dreher von der SZ Bernau. Bernau, ein Skiclub der uns Kirchzartener in der Nachwuchsarbeit zu einem sehr erfreulichen Konkurrenten wird.<\/p>\n<p>Die U14-15 gewann, wie alle bisherigen Rennen, Clara Schmidt. Fritzi Otto gelang der Sprung auf Rang 2 noch vor den U15er M\u00e4dels, wor\u00fcber sie sich sehr freuen durfte. Erfreulich zudem der 5. Rang von Zo\u00e9 Nounkoua-Hinterberger.<\/p>\n<p>In der Jugendklasse war Maxi Strittmatter Zweitplatzierte. Hans-Peter Schuler verpasste als Vierter das Podest ganz knapp. Bei den Damen sprintete Mara Eckerle auf Rang 3 und Teresa Strecker auf Rang vier. In der Herrenklasse war Sven Kolb in seiner Spezialdisziplin ungef\u00e4hrdet. Er nahm sich die Zeit im Finale mit einem eingesprungenen Dreher r\u00fcckw\u00e4rts die Ziellinie zu \u00fcberqueren.<\/p>\n<p>Beim <strong>Hauerskopfpokal des Skiclubs Hundsbach<\/strong> auf dem Kniebis setzten die Kirchzartener erneut ein Ausrufezeichen. In der U9m dominierten unsere Buben das Geschehen. Constantin Abel-R\u00f6cker erlief sich den Sieg vor Ben Zimmermann, der als Zweiter ins Ziel kam und Moritz Eckmann, der mit knappem R\u00fcckstand Sechster wurde. Janne Rombach schaffte es diesmal in der U9w auf Rang 2. In der U10 startete erstmal Amelie Mbiami-Hinterberger. Sie freute sich \u00fcber einen 5. Platz. In der U11m wiederholte Anton Brandalise seine Leistung von <em>Rund um Neukirch<\/em> als er exakt mit demselben R\u00fcckstand auf seinen Dauerkonkurrenten aus St. M\u00e4rgen auf den zweiten Rang lief. Lilly Schmidt und Skadi Rombach wurden nach mehreren Korrekturen der Ergebnisliste auf Position zwei und vier gesetzt.<\/p>\n<p>Bei der U14m lief Maxime Abel-R\u00f6cker ein gro\u00dfartiges Rennen. Er gewann in der Freien Technik erstmals einen Wettkampf auf Landesebene und dies mit deutlichem Vorsprung vor seinem Bernauer Trainingspartner Amael Straussinsky. Jonathan Lutz freute sich \u00fcber Rang 4. Clara Schmidt gewann denkbar knapp vor ihrer sehr starken Konkurrentin Anna Hermann aus Pfullingen. Fritzi Otto platzierte sich als Vierte knapp vorbei am Podest.<\/p>\n<p>Bei den Herren siegte Valentin Haag mit einer sehr starken Leistung gegen seine baden-w\u00fcrttembergischen Konkurrenten.<\/p>\n<p>Die bisherigen Ergebnisse machen viel Hoffnung f\u00fcr die anstehenden Wettk\u00e4mpfe wie Schwarzw\u00e4lder L\u00e4ufertag, Baden-W\u00fcrttembergische Meisterschaften, DSC in Schonach, Deutschlandpokal und vier Kinderrennen in der Regio.<\/p>\n<p>gez. Bg<\/p>\n<p>&nbsp;<\/p>\n[\/vc_column_text][\/vc_column][\/vc_row]\n","protected":false},"excerpt":{"rendered":"<p>[vc_row type=&#8220;in_container&#8220; full_screen_row_position=&#8220;middle&#8220; column_margin=&#8220;default&#8220; column_direction=&#8220;default&#8220; column_direction_tablet=&#8220;default&#8220; column_direction_phone=&#8220;default&#8220; scene_position=&#8220;center&#8220; text_color=&#8220;dark&#8220; text_align=&#8220;left&#8220;&#8230;<\/p>\n","protected":false},"author":3,"featured_media":2034,"comment_status":"closed","ping_status":"open","sticky":false,"template":"","format":"standard","meta":{"footnotes":""},"categories":[1,4],"tags":[],"class_list":{"0":"post-2033","1":"post","2":"type-post","3":"status-publish","4":"format-standard","5":"has-post-thumbnail","7":"category-allgemein","8":"category-nordisch"},"yoast_head":"<!-- This site is optimized with the Yoast SEO plugin v27.4 - https:\/\/yoast.com\/product\/yoast-seo-wordpress\/ -->\n<title>Gegl\u00fcckter Start in die Langlaufsaison | Ski Nordisch &amp; Biathlon<\/title>\n<meta name=\"robots\" content=\"index, follow, max-snippet:-1, max-image-preview:large, max-video-preview:-1\" \/>\n<link rel=\"canonical\" href=\"https:\/\/svkirchzarten.de\/ski-nordisch\/2025\/02\/03\/geglueckter-start-in-die-langlaufsaison\/\" \/>\n<meta property=\"og:locale\" content=\"de_DE\" \/>\n<meta property=\"og:type\" content=\"article\" \/>\n<meta property=\"og:title\" content=\"Gegl\u00fcckter Start in die Langlaufsaison | Ski Nordisch &amp; Biathlon\" \/>\n<meta property=\"og:description\" content=\"[vc_row type=&#8220;in_container&#8220; full_screen_row_position=&#8220;middle&#8220; column_margin=&#8220;default&#8220; column_direction=&#8220;default&#8220; column_direction_tablet=&#8220;default&#8220; column_direction_phone=&#8220;default&#8220; scene_position=&#8220;center&#8220; text_color=&#8220;dark&#8220; text_align=&#8220;left&#8220;...\" \/>\n<meta property=\"og:url\" content=\"https:\/\/svkirchzarten.de\/ski-nordisch\/2025\/02\/03\/geglueckter-start-in-die-langlaufsaison\/\" \/>\n<meta property=\"og:site_name\" content=\"Ski Nordisch &amp; Biathlon\" \/>\n<meta property=\"article:published_time\" content=\"2025-02-03T15:24:02+00:00\" \/>\n<meta property=\"og:image\" content=\"https:\/\/svkirchzarten.de\/ski-nordisch\/wp-content\/uploads\/sites\/24\/2025\/02\/Lewe_Seefeld25-scaled.jpg\" \/>\n\t<meta property=\"og:image:width\" content=\"1920\" \/>\n\t<meta property=\"og:image:height\" content=\"2560\" \/>\n\t<meta property=\"og:image:type\" content=\"image\/jpeg\" \/>\n<meta name=\"author\" content=\"Christian Kaindl\" \/>\n<meta name=\"twitter:card\" content=\"summary_large_image\" \/>\n<meta name=\"twitter:label1\" content=\"Verfasst von\" \/>\n\t<meta name=\"twitter:data1\" content=\"Christian Kaindl\" \/>\n\t<meta name=\"twitter:label2\" content=\"Gesch\u00e4tzte Lesezeit\" \/>\n\t<meta name=\"twitter:data2\" content=\"9\u00a0Minuten\" \/>\n<script type=\"application\/ld+json\" class=\"yoast-schema-graph\">{\"@context\":\"https:\\\/\\\/schema.org\",\"@graph\":[{\"@type\":\"Article\",\"@id\":\"https:\\\/\\\/svkirchzarten.de\\\/ski-nordisch\\\/2025\\\/02\\\/03\\\/geglueckter-start-in-die-langlaufsaison\\\/#article\",\"isPartOf\":{\"@id\":\"https:\\\/\\\/svkirchzarten.de\\\/ski-nordisch\\\/2025\\\/02\\\/03\\\/geglueckter-start-in-die-langlaufsaison\\\/\"},\"author\":{\"name\":\"Christian Kaindl\",\"@id\":\"https:\\\/\\\/svkirchzarten.de\\\/ski-nordisch\\\/#\\\/schema\\\/person\\\/80c2f86955ce73e271cd302f7ccd3859\"},\"headline\":\"Gegl\u00fcckter Start in die Langlaufsaison\",\"datePublished\":\"2025-02-03T15:24:02+00:00\",\"mainEntityOfPage\":{\"@id\":\"https:\\\/\\\/svkirchzarten.de\\\/ski-nordisch\\\/2025\\\/02\\\/03\\\/geglueckter-start-in-die-langlaufsaison\\\/\"},\"wordCount\":1642,\"image\":{\"@id\":\"https:\\\/\\\/svkirchzarten.de\\\/ski-nordisch\\\/2025\\\/02\\\/03\\\/geglueckter-start-in-die-langlaufsaison\\\/#primaryimage\"},\"thumbnailUrl\":\"https:\\\/\\\/svkirchzarten.de\\\/ski-nordisch\\\/wp-content\\\/uploads\\\/sites\\\/24\\\/2025\\\/02\\\/Lewe_Seefeld25-scaled.jpg\",\"articleSection\":{\"1\":\"Nordisch\"},\"inLanguage\":\"de\"},{\"@type\":\"WebPage\",\"@id\":\"https:\\\/\\\/svkirchzarten.de\\\/ski-nordisch\\\/2025\\\/02\\\/03\\\/geglueckter-start-in-die-langlaufsaison\\\/\",\"url\":\"https:\\\/\\\/svkirchzarten.de\\\/ski-nordisch\\\/2025\\\/02\\\/03\\\/geglueckter-start-in-die-langlaufsaison\\\/\",\"name\":\"Gegl\u00fcckter Start in die Langlaufsaison | Ski Nordisch &amp; Biathlon\",\"isPartOf\":{\"@id\":\"https:\\\/\\\/svkirchzarten.de\\\/ski-nordisch\\\/#website\"},\"primaryImageOfPage\":{\"@id\":\"https:\\\/\\\/svkirchzarten.de\\\/ski-nordisch\\\/2025\\\/02\\\/03\\\/geglueckter-start-in-die-langlaufsaison\\\/#primaryimage\"},\"image\":{\"@id\":\"https:\\\/\\\/svkirchzarten.de\\\/ski-nordisch\\\/2025\\\/02\\\/03\\\/geglueckter-start-in-die-langlaufsaison\\\/#primaryimage\"},\"thumbnailUrl\":\"https:\\\/\\\/svkirchzarten.de\\\/ski-nordisch\\\/wp-content\\\/uploads\\\/sites\\\/24\\\/2025\\\/02\\\/Lewe_Seefeld25-scaled.jpg\",\"datePublished\":\"2025-02-03T15:24:02+00:00\",\"author\":{\"@id\":\"https:\\\/\\\/svkirchzarten.de\\\/ski-nordisch\\\/#\\\/schema\\\/person\\\/80c2f86955ce73e271cd302f7ccd3859\"},\"breadcrumb\":{\"@id\":\"https:\\\/\\\/svkirchzarten.de\\\/ski-nordisch\\\/2025\\\/02\\\/03\\\/geglueckter-start-in-die-langlaufsaison\\\/#breadcrumb\"},\"inLanguage\":\"de\",\"potentialAction\":[{\"@type\":\"ReadAction\",\"target\":[\"https:\\\/\\\/svkirchzarten.de\\\/ski-nordisch\\\/2025\\\/02\\\/03\\\/geglueckter-start-in-die-langlaufsaison\\\/\"]}]},{\"@type\":\"ImageObject\",\"inLanguage\":\"de\",\"@id\":\"https:\\\/\\\/svkirchzarten.de\\\/ski-nordisch\\\/2025\\\/02\\\/03\\\/geglueckter-start-in-die-langlaufsaison\\\/#primaryimage\",\"url\":\"https:\\\/\\\/svkirchzarten.de\\\/ski-nordisch\\\/wp-content\\\/uploads\\\/sites\\\/24\\\/2025\\\/02\\\/Lewe_Seefeld25-scaled.jpg\",\"contentUrl\":\"https:\\\/\\\/svkirchzarten.de\\\/ski-nordisch\\\/wp-content\\\/uploads\\\/sites\\\/24\\\/2025\\\/02\\\/Lewe_Seefeld25-scaled.jpg\",\"width\":1920,\"height\":2560},{\"@type\":\"BreadcrumbList\",\"@id\":\"https:\\\/\\\/svkirchzarten.de\\\/ski-nordisch\\\/2025\\\/02\\\/03\\\/geglueckter-start-in-die-langlaufsaison\\\/#breadcrumb\",\"itemListElement\":[{\"@type\":\"ListItem\",\"position\":1,\"name\":\"SV Kirchzarten\",\"item\":\"https:\\\/\\\/svkirchzarten.de\\\/ski-nordisch\\\/\"},{\"@type\":\"ListItem\",\"position\":2,\"name\":\"Gegl\u00fcckter Start in die Langlaufsaison\"}]},{\"@type\":\"WebSite\",\"@id\":\"https:\\\/\\\/svkirchzarten.de\\\/ski-nordisch\\\/#website\",\"url\":\"https:\\\/\\\/svkirchzarten.de\\\/ski-nordisch\\\/\",\"name\":\"Ski Nordisch\",\"description\":\"\",\"alternateName\":\"SV Kirchzarten Ski Nordisch\",\"potentialAction\":[{\"@type\":\"SearchAction\",\"target\":{\"@type\":\"EntryPoint\",\"urlTemplate\":\"https:\\\/\\\/svkirchzarten.de\\\/ski-nordisch\\\/?s={search_term_string}\"},\"query-input\":{\"@type\":\"PropertyValueSpecification\",\"valueRequired\":true,\"valueName\":\"search_term_string\"}}],\"inLanguage\":\"de\"},{\"@type\":\"Person\",\"@id\":\"https:\\\/\\\/svkirchzarten.de\\\/ski-nordisch\\\/#\\\/schema\\\/person\\\/80c2f86955ce73e271cd302f7ccd3859\",\"name\":\"Christian Kaindl\",\"image\":{\"@type\":\"ImageObject\",\"inLanguage\":\"de\",\"@id\":\"https:\\\/\\\/secure.gravatar.com\\\/avatar\\\/00b03b3ba53f6adb49bbfcbe6facabc62e1e04d2f0f058a4751732f5b8997c03?s=96&d=mm&r=g\",\"url\":\"https:\\\/\\\/secure.gravatar.com\\\/avatar\\\/00b03b3ba53f6adb49bbfcbe6facabc62e1e04d2f0f058a4751732f5b8997c03?s=96&d=mm&r=g\",\"contentUrl\":\"https:\\\/\\\/secure.gravatar.com\\\/avatar\\\/00b03b3ba53f6adb49bbfcbe6facabc62e1e04d2f0f058a4751732f5b8997c03?s=96&d=mm&r=g\",\"caption\":\"Christian Kaindl\"},\"url\":\"https:\\\/\\\/svkirchzarten.de\\\/ski-nordisch\\\/author\\\/chris\\\/\"}]}<\/script>\n<!-- \/ Yoast SEO plugin. -->","yoast_head_json":{"title":"Gegl\u00fcckter Start in die Langlaufsaison | Ski Nordisch &amp; Biathlon","robots":{"index":"index","follow":"follow","max-snippet":"max-snippet:-1","max-image-preview":"max-image-preview:large","max-video-preview":"max-video-preview:-1"},"canonical":"https:\/\/svkirchzarten.de\/ski-nordisch\/2025\/02\/03\/geglueckter-start-in-die-langlaufsaison\/","og_locale":"de_DE","og_type":"article","og_title":"Gegl\u00fcckter Start in die Langlaufsaison | Ski Nordisch &amp; Biathlon","og_description":"[vc_row type=&#8220;in_container&#8220; full_screen_row_position=&#8220;middle&#8220; column_margin=&#8220;default&#8220; column_direction=&#8220;default&#8220; column_direction_tablet=&#8220;default&#8220; column_direction_phone=&#8220;default&#8220; scene_position=&#8220;center&#8220; text_color=&#8220;dark&#8220; text_align=&#8220;left&#8220;...","og_url":"https:\/\/svkirchzarten.de\/ski-nordisch\/2025\/02\/03\/geglueckter-start-in-die-langlaufsaison\/","og_site_name":"Ski Nordisch &amp; Biathlon","article_published_time":"2025-02-03T15:24:02+00:00","og_image":[{"width":1920,"height":2560,"url":"https:\/\/svkirchzarten.de\/ski-nordisch\/wp-content\/uploads\/sites\/24\/2025\/02\/Lewe_Seefeld25-scaled.jpg","type":"image\/jpeg"}],"author":"Christian Kaindl","twitter_card":"summary_large_image","twitter_misc":{"Verfasst von":"Christian Kaindl","Gesch\u00e4tzte Lesezeit":"9\u00a0Minuten"},"schema":{"@context":"https:\/\/schema.org","@graph":[{"@type":"Article","@id":"https:\/\/svkirchzarten.de\/ski-nordisch\/2025\/02\/03\/geglueckter-start-in-die-langlaufsaison\/#article","isPartOf":{"@id":"https:\/\/svkirchzarten.de\/ski-nordisch\/2025\/02\/03\/geglueckter-start-in-die-langlaufsaison\/"},"author":{"name":"Christian Kaindl","@id":"https:\/\/svkirchzarten.de\/ski-nordisch\/#\/schema\/person\/80c2f86955ce73e271cd302f7ccd3859"},"headline":"Gegl\u00fcckter Start in die Langlaufsaison","datePublished":"2025-02-03T15:24:02+00:00","mainEntityOfPage":{"@id":"https:\/\/svkirchzarten.de\/ski-nordisch\/2025\/02\/03\/geglueckter-start-in-die-langlaufsaison\/"},"wordCount":1642,"image":{"@id":"https:\/\/svkirchzarten.de\/ski-nordisch\/2025\/02\/03\/geglueckter-start-in-die-langlaufsaison\/#primaryimage"},"thumbnailUrl":"https:\/\/svkirchzarten.de\/ski-nordisch\/wp-content\/uploads\/sites\/24\/2025\/02\/Lewe_Seefeld25-scaled.jpg","articleSection":{"1":"Nordisch"},"inLanguage":"de"},{"@type":"WebPage","@id":"https:\/\/svkirchzarten.de\/ski-nordisch\/2025\/02\/03\/geglueckter-start-in-die-langlaufsaison\/","url":"https:\/\/svkirchzarten.de\/ski-nordisch\/2025\/02\/03\/geglueckter-start-in-die-langlaufsaison\/","name":"Gegl\u00fcckter Start in die Langlaufsaison | Ski Nordisch &amp; Biathlon","isPartOf":{"@id":"https:\/\/svkirchzarten.de\/ski-nordisch\/#website"},"primaryImageOfPage":{"@id":"https:\/\/svkirchzarten.de\/ski-nordisch\/2025\/02\/03\/geglueckter-start-in-die-langlaufsaison\/#primaryimage"},"image":{"@id":"https:\/\/svkirchzarten.de\/ski-nordisch\/2025\/02\/03\/geglueckter-start-in-die-langlaufsaison\/#primaryimage"},"thumbnailUrl":"https:\/\/svkirchzarten.de\/ski-nordisch\/wp-content\/uploads\/sites\/24\/2025\/02\/Lewe_Seefeld25-scaled.jpg","datePublished":"2025-02-03T15:24:02+00:00","author":{"@id":"https:\/\/svkirchzarten.de\/ski-nordisch\/#\/schema\/person\/80c2f86955ce73e271cd302f7ccd3859"},"breadcrumb":{"@id":"https:\/\/svkirchzarten.de\/ski-nordisch\/2025\/02\/03\/geglueckter-start-in-die-langlaufsaison\/#breadcrumb"},"inLanguage":"de","potentialAction":[{"@type":"ReadAction","target":["https:\/\/svkirchzarten.de\/ski-nordisch\/2025\/02\/03\/geglueckter-start-in-die-langlaufsaison\/"]}]},{"@type":"ImageObject","inLanguage":"de","@id":"https:\/\/svkirchzarten.de\/ski-nordisch\/2025\/02\/03\/geglueckter-start-in-die-langlaufsaison\/#primaryimage","url":"https:\/\/svkirchzarten.de\/ski-nordisch\/wp-content\/uploads\/sites\/24\/2025\/02\/Lewe_Seefeld25-scaled.jpg","contentUrl":"https:\/\/svkirchzarten.de\/ski-nordisch\/wp-content\/uploads\/sites\/24\/2025\/02\/Lewe_Seefeld25-scaled.jpg","width":1920,"height":2560},{"@type":"BreadcrumbList","@id":"https:\/\/svkirchzarten.de\/ski-nordisch\/2025\/02\/03\/geglueckter-start-in-die-langlaufsaison\/#breadcrumb","itemListElement":[{"@type":"ListItem","position":1,"name":"SV Kirchzarten","item":"https:\/\/svkirchzarten.de\/ski-nordisch\/"},{"@type":"ListItem","position":2,"name":"Gegl\u00fcckter Start in die Langlaufsaison"}]},{"@type":"WebSite","@id":"https:\/\/svkirchzarten.de\/ski-nordisch\/#website","url":"https:\/\/svkirchzarten.de\/ski-nordisch\/","name":"Ski Nordisch","description":"","alternateName":"SV Kirchzarten Ski Nordisch","potentialAction":[{"@type":"SearchAction","target":{"@type":"EntryPoint","urlTemplate":"https:\/\/svkirchzarten.de\/ski-nordisch\/?s={search_term_string}"},"query-input":{"@type":"PropertyValueSpecification","valueRequired":true,"valueName":"search_term_string"}}],"inLanguage":"de"},{"@type":"Person","@id":"https:\/\/svkirchzarten.de\/ski-nordisch\/#\/schema\/person\/80c2f86955ce73e271cd302f7ccd3859","name":"Christian Kaindl","image":{"@type":"ImageObject","inLanguage":"de","@id":"https:\/\/secure.gravatar.com\/avatar\/00b03b3ba53f6adb49bbfcbe6facabc62e1e04d2f0f058a4751732f5b8997c03?s=96&d=mm&r=g","url":"https:\/\/secure.gravatar.com\/avatar\/00b03b3ba53f6adb49bbfcbe6facabc62e1e04d2f0f058a4751732f5b8997c03?s=96&d=mm&r=g","contentUrl":"https:\/\/secure.gravatar.com\/avatar\/00b03b3ba53f6adb49bbfcbe6facabc62e1e04d2f0f058a4751732f5b8997c03?s=96&d=mm&r=g","caption":"Christian Kaindl"},"url":"https:\/\/svkirchzarten.de\/ski-nordisch\/author\/chris\/"}]}},"publishpress_future_action":{"enabled":false,"date":"2026-05-02 11:57:08","action":"change-status","newStatus":"draft","terms":[],"taxonomy":"category","extraData":[]},"publishpress_future_workflow_manual_trigger":{"enabledWorkflows":[]},"_links":{"self":[{"href":"https:\/\/svkirchzarten.de\/ski-nordisch\/wp-json\/wp\/v2\/posts\/2033","targetHints":{"allow":["GET"]}}],"collection":[{"href":"https:\/\/svkirchzarten.de\/ski-nordisch\/wp-json\/wp\/v2\/posts"}],"about":[{"href":"https:\/\/svkirchzarten.de\/ski-nordisch\/wp-json\/wp\/v2\/types\/post"}],"author":[{"embeddable":true,"href":"https:\/\/svkirchzarten.de\/ski-nordisch\/wp-json\/wp\/v2\/users\/3"}],"replies":[{"embeddable":true,"href":"https:\/\/svkirchzarten.de\/ski-nordisch\/wp-json\/wp\/v2\/comments?post=2033"}],"version-history":[{"count":1,"href":"https:\/\/svkirchzarten.de\/ski-nordisch\/wp-json\/wp\/v2\/posts\/2033\/revisions"}],"predecessor-version":[{"id":2035,"href":"https:\/\/svkirchzarten.de\/ski-nordisch\/wp-json\/wp\/v2\/posts\/2033\/revisions\/2035"}],"wp:featuredmedia":[{"embeddable":true,"href":"https:\/\/svkirchzarten.de\/ski-nordisch\/wp-json\/wp\/v2\/media\/2034"}],"wp:attachment":[{"href":"https:\/\/svkirchzarten.de\/ski-nordisch\/wp-json\/wp\/v2\/media?parent=2033"}],"wp:term":[{"taxonomy":"category","embeddable":true,"href":"https:\/\/svkirchzarten.de\/ski-nordisch\/wp-json\/wp\/v2\/categories?post=2033"},{"taxonomy":"post_tag","embeddable":true,"href":"https:\/\/svkirchzarten.de\/ski-nordisch\/wp-json\/wp\/v2\/tags?post=2033"}],"curies":[{"name":"wp","href":"https:\/\/api.w.org\/{rel}","templated":true}]}}