{"id":1995,"date":"2024-04-08T09:38:50","date_gmt":"2024-04-08T07:38:50","guid":{"rendered":"https:\/\/svkirchzarten.de\/ski-nordisch\/?p=1995"},"modified":"2024-04-09T10:59:35","modified_gmt":"2024-04-09T08:59:35","slug":"grosszuegige-spende-fuer-die-skilanglaufkinder","status":"publish","type":"post","link":"https:\/\/svkirchzarten.de\/ski-nordisch\/2024\/04\/08\/grosszuegige-spende-fuer-die-skilanglaufkinder\/","title":{"rendered":"Gro\u00dfz\u00fcgige Spende f\u00fcr die Skilanglaufkinder"},"content":{"rendered":"[vc_row type=&#8220;in_container&#8220; full_screen_row_position=&#8220;middle&#8220; column_margin=&#8220;default&#8220; column_direction=&#8220;default&#8220; column_direction_tablet=&#8220;default&#8220; column_direction_phone=&#8220;default&#8220; scene_position=&#8220;center&#8220; text_color=&#8220;dark&#8220; text_align=&#8220;left&#8220; row_border_radius=&#8220;none&#8220; row_border_radius_applies=&#8220;bg&#8220; overflow=&#8220;visible&#8220; overlay_strength=&#8220;0.3&#8243; gradient_direction=&#8220;left_to_right&#8220; shape_divider_position=&#8220;bottom&#8220; bg_image_animation=&#8220;none&#8220;][vc_column column_padding=&#8220;no-extra-padding&#8220; column_padding_tablet=&#8220;inherit&#8220; column_padding_phone=&#8220;inherit&#8220; column_padding_position=&#8220;all&#8220; column_element_direction_desktop=&#8220;default&#8220; column_element_spacing=&#8220;default&#8220; desktop_text_alignment=&#8220;default&#8220; tablet_text_alignment=&#8220;default&#8220; phone_text_alignment=&#8220;default&#8220; background_color_opacity=&#8220;1&#8243; background_hover_color_opacity=&#8220;1&#8243; column_backdrop_filter=&#8220;none&#8220; column_shadow=&#8220;none&#8220; column_border_radius=&#8220;none&#8220; column_link_target=&#8220;_self&#8220; column_position=&#8220;default&#8220; gradient_direction=&#8220;left_to_right&#8220; overlay_strength=&#8220;0.3&#8243; width=&#8220;1\/1&#8243; tablet_width_inherit=&#8220;default&#8220; animation_type=&#8220;default&#8220; bg_image_animation=&#8220;none&#8220; border_type=&#8220;simple&#8220; column_border_width=&#8220;none&#8220; column_border_style=&#8220;solid&#8220;][vc_column_text]Das im Skilanglauf aktive Trainerteam organisierte, wie bereits in den Jahren zuvor, im M\u00e4rz f\u00fcr ambitionierte Freizeitl\u00e4uferinnen und -l\u00e4ufer eine Ausfahrt ins norwegische Fjell. Auf dem Programm standen Tagestouren auf Langlaufskiern. Der diesj\u00e4hrige Aufenthalt in der tief verschneiten Gebirgslandschaft geriet f\u00fcr die heuer nicht gerade verw\u00f6hnten Langlauf-Fans zu einem beeindruckenden Erlebnis. Das ganz ausgezeichnete Loipennetz und Verbindung mit einem gelungenen Rundum-Service hat alle Mitreisenden so begeistert, dass sie den Veranstaltern f\u00fcr deren Nachwuchsarbeit spontan eine Spende von 500 \u20ac zukommen lie\u00dfen.<\/p>\n<p>Das Trainerteam bedankt sich auf diesem Weg bei allen Teilnehmern f\u00fcr diese wunderbare Geste![\/vc_column_text][\/vc_column][\/vc_row][vc_row type=&#8220;in_container&#8220; full_screen_row_position=&#8220;middle&#8220; column_margin=&#8220;default&#8220; column_direction=&#8220;default&#8220; column_direction_tablet=&#8220;default&#8220; column_direction_phone=&#8220;default&#8220; scene_position=&#8220;center&#8220; text_color=&#8220;dark&#8220; text_align=&#8220;left&#8220; row_border_radius=&#8220;none&#8220; row_border_radius_applies=&#8220;bg&#8220; overflow=&#8220;visible&#8220; overlay_strength=&#8220;0.3&#8243; gradient_direction=&#8220;left_to_right&#8220; shape_divider_position=&#8220;bottom&#8220; bg_image_animation=&#8220;none&#8220;][vc_column column_padding=&#8220;no-extra-padding&#8220; column_padding_tablet=&#8220;inherit&#8220; column_padding_phone=&#8220;inherit&#8220; column_padding_position=&#8220;all&#8220; column_element_direction_desktop=&#8220;default&#8220; column_element_spacing=&#8220;default&#8220; desktop_text_alignment=&#8220;default&#8220; tablet_text_alignment=&#8220;default&#8220; phone_text_alignment=&#8220;default&#8220; background_color_opacity=&#8220;1&#8243; background_hover_color_opacity=&#8220;1&#8243; column_backdrop_filter=&#8220;none&#8220; column_shadow=&#8220;none&#8220; column_border_radius=&#8220;none&#8220; column_link_target=&#8220;_self&#8220; column_position=&#8220;default&#8220; gradient_direction=&#8220;left_to_right&#8220; overlay_strength=&#8220;0.3&#8243; width=&#8220;1\/1&#8243; tablet_width_inherit=&#8220;default&#8220; animation_type=&#8220;default&#8220; bg_image_animation=&#8220;none&#8220; border_type=&#8220;simple&#8220; column_border_width=&#8220;none&#8220; column_border_style=&#8220;solid&#8220;][image_with_animation image_url=&#8220;1996&#8243; image_size=&#8220;large&#8220; animation_type=&#8220;entrance&#8220; animation=&#8220;None&#8220; animation_movement_type=&#8220;transform_y&#8220; hover_animation=&#8220;none&#8220; alignment=&#8220;&#8220; img_link_large=&#8220;yes&#8220; border_radius=&#8220;none&#8220; box_shadow=&#8220;none&#8220; image_loading=&#8220;default&#8220; max_width=&#8220;100%&#8220; max_width_mobile=&#8220;default&#8220;][\/vc_column][\/vc_row]\n","protected":false},"excerpt":{"rendered":"<p>[vc_row type=&#8220;in_container&#8220; full_screen_row_position=&#8220;middle&#8220; column_margin=&#8220;default&#8220; column_direction=&#8220;default&#8220; column_direction_tablet=&#8220;default&#8220; column_direction_phone=&#8220;default&#8220; scene_position=&#8220;center&#8220; text_color=&#8220;dark&#8220; text_align=&#8220;left&#8220;&#8230;<\/p>\n","protected":false},"author":3,"featured_media":1996,"comment_status":"closed","ping_status":"open","sticky":false,"template":"","format":"standard","meta":{"footnotes":""},"categories":[4],"tags":[],"class_list":{"0":"post-1995","1":"post","2":"type-post","3":"status-publish","4":"format-standard","5":"has-post-thumbnail","7":"category-nordisch"},"yoast_head":"<!-- This site is optimized with the Yoast SEO plugin v27.4 - https:\/\/yoast.com\/product\/yoast-seo-wordpress\/ -->\n<title>Gro\u00dfz\u00fcgige Spende f\u00fcr die Skilanglaufkinder | Ski Nordisch &amp; Biathlon<\/title>\n<meta name=\"robots\" content=\"index, follow, max-snippet:-1, max-image-preview:large, max-video-preview:-1\" \/>\n<link rel=\"canonical\" href=\"https:\/\/svkirchzarten.de\/ski-nordisch\/2024\/04\/08\/grosszuegige-spende-fuer-die-skilanglaufkinder\/\" \/>\n<meta property=\"og:locale\" content=\"de_DE\" \/>\n<meta property=\"og:type\" content=\"article\" \/>\n<meta property=\"og:title\" content=\"Gro\u00dfz\u00fcgige Spende f\u00fcr die Skilanglaufkinder | Ski Nordisch &amp; Biathlon\" \/>\n<meta property=\"og:description\" content=\"[vc_row type=&#8220;in_container&#8220; full_screen_row_position=&#8220;middle&#8220; column_margin=&#8220;default&#8220; column_direction=&#8220;default&#8220; column_direction_tablet=&#8220;default&#8220; column_direction_phone=&#8220;default&#8220; scene_position=&#8220;center&#8220; text_color=&#8220;dark&#8220; text_align=&#8220;left&#8220;...\" \/>\n<meta property=\"og:url\" content=\"https:\/\/svkirchzarten.de\/ski-nordisch\/2024\/04\/08\/grosszuegige-spende-fuer-die-skilanglaufkinder\/\" \/>\n<meta property=\"og:site_name\" content=\"Ski Nordisch &amp; Biathlon\" \/>\n<meta property=\"article:published_time\" content=\"2024-04-08T07:38:50+00:00\" \/>\n<meta property=\"article:modified_time\" content=\"2024-04-09T08:59:35+00:00\" \/>\n<meta property=\"og:image\" content=\"https:\/\/svkirchzarten.de\/ski-nordisch\/wp-content\/uploads\/sites\/24\/2024\/04\/HMUH82631.jpg\" \/>\n\t<meta property=\"og:image:width\" content=\"1600\" \/>\n\t<meta property=\"og:image:height\" content=\"1200\" \/>\n\t<meta property=\"og:image:type\" content=\"image\/jpeg\" \/>\n<meta name=\"author\" content=\"Christian Kaindl\" \/>\n<meta name=\"twitter:card\" content=\"summary_large_image\" \/>\n<meta name=\"twitter:label1\" content=\"Verfasst von\" \/>\n\t<meta name=\"twitter:data1\" content=\"Christian Kaindl\" \/>\n\t<meta name=\"twitter:label2\" content=\"Gesch\u00e4tzte Lesezeit\" \/>\n\t<meta name=\"twitter:data2\" content=\"2\u00a0Minuten\" \/>\n<script type=\"application\/ld+json\" class=\"yoast-schema-graph\">{\"@context\":\"https:\\\/\\\/schema.org\",\"@graph\":[{\"@type\":\"Article\",\"@id\":\"https:\\\/\\\/svkirchzarten.de\\\/ski-nordisch\\\/2024\\\/04\\\/08\\\/grosszuegige-spende-fuer-die-skilanglaufkinder\\\/#article\",\"isPartOf\":{\"@id\":\"https:\\\/\\\/svkirchzarten.de\\\/ski-nordisch\\\/2024\\\/04\\\/08\\\/grosszuegige-spende-fuer-die-skilanglaufkinder\\\/\"},\"author\":{\"name\":\"Christian Kaindl\",\"@id\":\"https:\\\/\\\/svkirchzarten.de\\\/ski-nordisch\\\/#\\\/schema\\\/person\\\/80c2f86955ce73e271cd302f7ccd3859\"},\"headline\":\"Gro\u00dfz\u00fcgige Spende f\u00fcr die Skilanglaufkinder\",\"datePublished\":\"2024-04-08T07:38:50+00:00\",\"dateModified\":\"2024-04-09T08:59:35+00:00\",\"mainEntityOfPage\":{\"@id\":\"https:\\\/\\\/svkirchzarten.de\\\/ski-nordisch\\\/2024\\\/04\\\/08\\\/grosszuegige-spende-fuer-die-skilanglaufkinder\\\/\"},\"wordCount\":470,\"image\":{\"@id\":\"https:\\\/\\\/svkirchzarten.de\\\/ski-nordisch\\\/2024\\\/04\\\/08\\\/grosszuegige-spende-fuer-die-skilanglaufkinder\\\/#primaryimage\"},\"thumbnailUrl\":\"https:\\\/\\\/svkirchzarten.de\\\/ski-nordisch\\\/wp-content\\\/uploads\\\/sites\\\/24\\\/2024\\\/04\\\/HMUH82631.jpg\",\"articleSection\":[\"Nordisch\"],\"inLanguage\":\"de\"},{\"@type\":\"WebPage\",\"@id\":\"https:\\\/\\\/svkirchzarten.de\\\/ski-nordisch\\\/2024\\\/04\\\/08\\\/grosszuegige-spende-fuer-die-skilanglaufkinder\\\/\",\"url\":\"https:\\\/\\\/svkirchzarten.de\\\/ski-nordisch\\\/2024\\\/04\\\/08\\\/grosszuegige-spende-fuer-die-skilanglaufkinder\\\/\",\"name\":\"Gro\u00dfz\u00fcgige Spende f\u00fcr die Skilanglaufkinder | Ski Nordisch &amp; Biathlon\",\"isPartOf\":{\"@id\":\"https:\\\/\\\/svkirchzarten.de\\\/ski-nordisch\\\/#website\"},\"primaryImageOfPage\":{\"@id\":\"https:\\\/\\\/svkirchzarten.de\\\/ski-nordisch\\\/2024\\\/04\\\/08\\\/grosszuegige-spende-fuer-die-skilanglaufkinder\\\/#primaryimage\"},\"image\":{\"@id\":\"https:\\\/\\\/svkirchzarten.de\\\/ski-nordisch\\\/2024\\\/04\\\/08\\\/grosszuegige-spende-fuer-die-skilanglaufkinder\\\/#primaryimage\"},\"thumbnailUrl\":\"https:\\\/\\\/svkirchzarten.de\\\/ski-nordisch\\\/wp-content\\\/uploads\\\/sites\\\/24\\\/2024\\\/04\\\/HMUH82631.jpg\",\"datePublished\":\"2024-04-08T07:38:50+00:00\",\"dateModified\":\"2024-04-09T08:59:35+00:00\",\"author\":{\"@id\":\"https:\\\/\\\/svkirchzarten.de\\\/ski-nordisch\\\/#\\\/schema\\\/person\\\/80c2f86955ce73e271cd302f7ccd3859\"},\"breadcrumb\":{\"@id\":\"https:\\\/\\\/svkirchzarten.de\\\/ski-nordisch\\\/2024\\\/04\\\/08\\\/grosszuegige-spende-fuer-die-skilanglaufkinder\\\/#breadcrumb\"},\"inLanguage\":\"de\",\"potentialAction\":[{\"@type\":\"ReadAction\",\"target\":[\"https:\\\/\\\/svkirchzarten.de\\\/ski-nordisch\\\/2024\\\/04\\\/08\\\/grosszuegige-spende-fuer-die-skilanglaufkinder\\\/\"]}]},{\"@type\":\"ImageObject\",\"inLanguage\":\"de\",\"@id\":\"https:\\\/\\\/svkirchzarten.de\\\/ski-nordisch\\\/2024\\\/04\\\/08\\\/grosszuegige-spende-fuer-die-skilanglaufkinder\\\/#primaryimage\",\"url\":\"https:\\\/\\\/svkirchzarten.de\\\/ski-nordisch\\\/wp-content\\\/uploads\\\/sites\\\/24\\\/2024\\\/04\\\/HMUH82631.jpg\",\"contentUrl\":\"https:\\\/\\\/svkirchzarten.de\\\/ski-nordisch\\\/wp-content\\\/uploads\\\/sites\\\/24\\\/2024\\\/04\\\/HMUH82631.jpg\",\"width\":1600,\"height\":1200},{\"@type\":\"BreadcrumbList\",\"@id\":\"https:\\\/\\\/svkirchzarten.de\\\/ski-nordisch\\\/2024\\\/04\\\/08\\\/grosszuegige-spende-fuer-die-skilanglaufkinder\\\/#breadcrumb\",\"itemListElement\":[{\"@type\":\"ListItem\",\"position\":1,\"name\":\"SV Kirchzarten\",\"item\":\"https:\\\/\\\/svkirchzarten.de\\\/ski-nordisch\\\/\"},{\"@type\":\"ListItem\",\"position\":2,\"name\":\"Gro\u00dfz\u00fcgige Spende f\u00fcr die Skilanglaufkinder\"}]},{\"@type\":\"WebSite\",\"@id\":\"https:\\\/\\\/svkirchzarten.de\\\/ski-nordisch\\\/#website\",\"url\":\"https:\\\/\\\/svkirchzarten.de\\\/ski-nordisch\\\/\",\"name\":\"Ski Nordisch\",\"description\":\"\",\"alternateName\":\"SV Kirchzarten Ski Nordisch\",\"potentialAction\":[{\"@type\":\"SearchAction\",\"target\":{\"@type\":\"EntryPoint\",\"urlTemplate\":\"https:\\\/\\\/svkirchzarten.de\\\/ski-nordisch\\\/?s={search_term_string}\"},\"query-input\":{\"@type\":\"PropertyValueSpecification\",\"valueRequired\":true,\"valueName\":\"search_term_string\"}}],\"inLanguage\":\"de\"},{\"@type\":\"Person\",\"@id\":\"https:\\\/\\\/svkirchzarten.de\\\/ski-nordisch\\\/#\\\/schema\\\/person\\\/80c2f86955ce73e271cd302f7ccd3859\",\"name\":\"Christian Kaindl\",\"image\":{\"@type\":\"ImageObject\",\"inLanguage\":\"de\",\"@id\":\"https:\\\/\\\/secure.gravatar.com\\\/avatar\\\/00b03b3ba53f6adb49bbfcbe6facabc62e1e04d2f0f058a4751732f5b8997c03?s=96&d=mm&r=g\",\"url\":\"https:\\\/\\\/secure.gravatar.com\\\/avatar\\\/00b03b3ba53f6adb49bbfcbe6facabc62e1e04d2f0f058a4751732f5b8997c03?s=96&d=mm&r=g\",\"contentUrl\":\"https:\\\/\\\/secure.gravatar.com\\\/avatar\\\/00b03b3ba53f6adb49bbfcbe6facabc62e1e04d2f0f058a4751732f5b8997c03?s=96&d=mm&r=g\",\"caption\":\"Christian Kaindl\"},\"url\":\"https:\\\/\\\/svkirchzarten.de\\\/ski-nordisch\\\/author\\\/chris\\\/\"}]}<\/script>\n<!-- \/ Yoast SEO plugin. -->","yoast_head_json":{"title":"Gro\u00dfz\u00fcgige Spende f\u00fcr die Skilanglaufkinder | Ski Nordisch &amp; Biathlon","robots":{"index":"index","follow":"follow","max-snippet":"max-snippet:-1","max-image-preview":"max-image-preview:large","max-video-preview":"max-video-preview:-1"},"canonical":"https:\/\/svkirchzarten.de\/ski-nordisch\/2024\/04\/08\/grosszuegige-spende-fuer-die-skilanglaufkinder\/","og_locale":"de_DE","og_type":"article","og_title":"Gro\u00dfz\u00fcgige Spende f\u00fcr die Skilanglaufkinder | Ski Nordisch &amp; Biathlon","og_description":"[vc_row type=&#8220;in_container&#8220; full_screen_row_position=&#8220;middle&#8220; column_margin=&#8220;default&#8220; column_direction=&#8220;default&#8220; column_direction_tablet=&#8220;default&#8220; column_direction_phone=&#8220;default&#8220; scene_position=&#8220;center&#8220; text_color=&#8220;dark&#8220; text_align=&#8220;left&#8220;...","og_url":"https:\/\/svkirchzarten.de\/ski-nordisch\/2024\/04\/08\/grosszuegige-spende-fuer-die-skilanglaufkinder\/","og_site_name":"Ski Nordisch &amp; Biathlon","article_published_time":"2024-04-08T07:38:50+00:00","article_modified_time":"2024-04-09T08:59:35+00:00","og_image":[{"width":1600,"height":1200,"url":"https:\/\/svkirchzarten.de\/ski-nordisch\/wp-content\/uploads\/sites\/24\/2024\/04\/HMUH82631.jpg","type":"image\/jpeg"}],"author":"Christian Kaindl","twitter_card":"summary_large_image","twitter_misc":{"Verfasst von":"Christian Kaindl","Gesch\u00e4tzte Lesezeit":"2\u00a0Minuten"},"schema":{"@context":"https:\/\/schema.org","@graph":[{"@type":"Article","@id":"https:\/\/svkirchzarten.de\/ski-nordisch\/2024\/04\/08\/grosszuegige-spende-fuer-die-skilanglaufkinder\/#article","isPartOf":{"@id":"https:\/\/svkirchzarten.de\/ski-nordisch\/2024\/04\/08\/grosszuegige-spende-fuer-die-skilanglaufkinder\/"},"author":{"name":"Christian Kaindl","@id":"https:\/\/svkirchzarten.de\/ski-nordisch\/#\/schema\/person\/80c2f86955ce73e271cd302f7ccd3859"},"headline":"Gro\u00dfz\u00fcgige Spende f\u00fcr die Skilanglaufkinder","datePublished":"2024-04-08T07:38:50+00:00","dateModified":"2024-04-09T08:59:35+00:00","mainEntityOfPage":{"@id":"https:\/\/svkirchzarten.de\/ski-nordisch\/2024\/04\/08\/grosszuegige-spende-fuer-die-skilanglaufkinder\/"},"wordCount":470,"image":{"@id":"https:\/\/svkirchzarten.de\/ski-nordisch\/2024\/04\/08\/grosszuegige-spende-fuer-die-skilanglaufkinder\/#primaryimage"},"thumbnailUrl":"https:\/\/svkirchzarten.de\/ski-nordisch\/wp-content\/uploads\/sites\/24\/2024\/04\/HMUH82631.jpg","articleSection":["Nordisch"],"inLanguage":"de"},{"@type":"WebPage","@id":"https:\/\/svkirchzarten.de\/ski-nordisch\/2024\/04\/08\/grosszuegige-spende-fuer-die-skilanglaufkinder\/","url":"https:\/\/svkirchzarten.de\/ski-nordisch\/2024\/04\/08\/grosszuegige-spende-fuer-die-skilanglaufkinder\/","name":"Gro\u00dfz\u00fcgige Spende f\u00fcr die Skilanglaufkinder | Ski Nordisch &amp; Biathlon","isPartOf":{"@id":"https:\/\/svkirchzarten.de\/ski-nordisch\/#website"},"primaryImageOfPage":{"@id":"https:\/\/svkirchzarten.de\/ski-nordisch\/2024\/04\/08\/grosszuegige-spende-fuer-die-skilanglaufkinder\/#primaryimage"},"image":{"@id":"https:\/\/svkirchzarten.de\/ski-nordisch\/2024\/04\/08\/grosszuegige-spende-fuer-die-skilanglaufkinder\/#primaryimage"},"thumbnailUrl":"https:\/\/svkirchzarten.de\/ski-nordisch\/wp-content\/uploads\/sites\/24\/2024\/04\/HMUH82631.jpg","datePublished":"2024-04-08T07:38:50+00:00","dateModified":"2024-04-09T08:59:35+00:00","author":{"@id":"https:\/\/svkirchzarten.de\/ski-nordisch\/#\/schema\/person\/80c2f86955ce73e271cd302f7ccd3859"},"breadcrumb":{"@id":"https:\/\/svkirchzarten.de\/ski-nordisch\/2024\/04\/08\/grosszuegige-spende-fuer-die-skilanglaufkinder\/#breadcrumb"},"inLanguage":"de","potentialAction":[{"@type":"ReadAction","target":["https:\/\/svkirchzarten.de\/ski-nordisch\/2024\/04\/08\/grosszuegige-spende-fuer-die-skilanglaufkinder\/"]}]},{"@type":"ImageObject","inLanguage":"de","@id":"https:\/\/svkirchzarten.de\/ski-nordisch\/2024\/04\/08\/grosszuegige-spende-fuer-die-skilanglaufkinder\/#primaryimage","url":"https:\/\/svkirchzarten.de\/ski-nordisch\/wp-content\/uploads\/sites\/24\/2024\/04\/HMUH82631.jpg","contentUrl":"https:\/\/svkirchzarten.de\/ski-nordisch\/wp-content\/uploads\/sites\/24\/2024\/04\/HMUH82631.jpg","width":1600,"height":1200},{"@type":"BreadcrumbList","@id":"https:\/\/svkirchzarten.de\/ski-nordisch\/2024\/04\/08\/grosszuegige-spende-fuer-die-skilanglaufkinder\/#breadcrumb","itemListElement":[{"@type":"ListItem","position":1,"name":"SV Kirchzarten","item":"https:\/\/svkirchzarten.de\/ski-nordisch\/"},{"@type":"ListItem","position":2,"name":"Gro\u00dfz\u00fcgige Spende f\u00fcr die Skilanglaufkinder"}]},{"@type":"WebSite","@id":"https:\/\/svkirchzarten.de\/ski-nordisch\/#website","url":"https:\/\/svkirchzarten.de\/ski-nordisch\/","name":"Ski Nordisch","description":"","alternateName":"SV Kirchzarten Ski Nordisch","potentialAction":[{"@type":"SearchAction","target":{"@type":"EntryPoint","urlTemplate":"https:\/\/svkirchzarten.de\/ski-nordisch\/?s={search_term_string}"},"query-input":{"@type":"PropertyValueSpecification","valueRequired":true,"valueName":"search_term_string"}}],"inLanguage":"de"},{"@type":"Person","@id":"https:\/\/svkirchzarten.de\/ski-nordisch\/#\/schema\/person\/80c2f86955ce73e271cd302f7ccd3859","name":"Christian Kaindl","image":{"@type":"ImageObject","inLanguage":"de","@id":"https:\/\/secure.gravatar.com\/avatar\/00b03b3ba53f6adb49bbfcbe6facabc62e1e04d2f0f058a4751732f5b8997c03?s=96&d=mm&r=g","url":"https:\/\/secure.gravatar.com\/avatar\/00b03b3ba53f6adb49bbfcbe6facabc62e1e04d2f0f058a4751732f5b8997c03?s=96&d=mm&r=g","contentUrl":"https:\/\/secure.gravatar.com\/avatar\/00b03b3ba53f6adb49bbfcbe6facabc62e1e04d2f0f058a4751732f5b8997c03?s=96&d=mm&r=g","caption":"Christian Kaindl"},"url":"https:\/\/svkirchzarten.de\/ski-nordisch\/author\/chris\/"}]}},"publishpress_future_action":{"enabled":false,"date":"2026-05-02 10:25:22","action":"change-status","newStatus":"draft","terms":[],"taxonomy":"category","extraData":[]},"publishpress_future_workflow_manual_trigger":{"enabledWorkflows":[]},"_links":{"self":[{"href":"https:\/\/svkirchzarten.de\/ski-nordisch\/wp-json\/wp\/v2\/posts\/1995","targetHints":{"allow":["GET"]}}],"collection":[{"href":"https:\/\/svkirchzarten.de\/ski-nordisch\/wp-json\/wp\/v2\/posts"}],"about":[{"href":"https:\/\/svkirchzarten.de\/ski-nordisch\/wp-json\/wp\/v2\/types\/post"}],"author":[{"embeddable":true,"href":"https:\/\/svkirchzarten.de\/ski-nordisch\/wp-json\/wp\/v2\/users\/3"}],"replies":[{"embeddable":true,"href":"https:\/\/svkirchzarten.de\/ski-nordisch\/wp-json\/wp\/v2\/comments?post=1995"}],"version-history":[{"count":0,"href":"https:\/\/svkirchzarten.de\/ski-nordisch\/wp-json\/wp\/v2\/posts\/1995\/revisions"}],"wp:featuredmedia":[{"embeddable":true,"href":"https:\/\/svkirchzarten.de\/ski-nordisch\/wp-json\/wp\/v2\/media\/1996"}],"wp:attachment":[{"href":"https:\/\/svkirchzarten.de\/ski-nordisch\/wp-json\/wp\/v2\/media?parent=1995"}],"wp:term":[{"taxonomy":"category","embeddable":true,"href":"https:\/\/svkirchzarten.de\/ski-nordisch\/wp-json\/wp\/v2\/categories?post=1995"},{"taxonomy":"post_tag","embeddable":true,"href":"https:\/\/svkirchzarten.de\/ski-nordisch\/wp-json\/wp\/v2\/tags?post=1995"}],"curies":[{"name":"wp","href":"https:\/\/api.w.org\/{rel}","templated":true}]}}