{"id":1048,"date":"2020-03-02T19:56:14","date_gmt":"2020-03-02T18:56:14","guid":{"rendered":"https:\/\/svkirchzarten.de\/ski-nordisch\/?p=1048"},"modified":"2020-03-02T20:10:16","modified_gmt":"2020-03-02T19:10:16","slug":"rechbergpokal-sieg-fuer-emily-weiss-und-matteo-lewe-vom-svk","status":"publish","type":"post","link":"https:\/\/svkirchzarten.de\/ski-nordisch\/2020\/03\/02\/rechbergpokal-sieg-fuer-emily-weiss-und-matteo-lewe-vom-svk\/","title":{"rendered":"Rechbergpokal: Sieg f\u00fcr Emily Weiss und Matteo Lewe vom SVK"},"content":{"rendered":"<p>01.03.2020<br \/>\nDiesen Winter ist es ein bisschen verflixt mit dem Schnee: so konnte jetzt auch der Rechbergpokal mit Peltonen Cup-Wertung nicht im heimischen Bernau ausgerichtet werden, sondern wurde spontan ins Nordic Center Notschrei verlegt. Georg Baur von der Skizunft Bernau richtete daf\u00fcr seinen herzlichen Dank an die Verantwortlichen des NCN und auch wir bedanken uns f\u00fcr die professionelle Durchf\u00fchrung dieses Wettkampfs. Gerne aber n\u00e4chstes Jahr wieder in Bernau! F\u00fcr die Sportler des SV Kirchzarten bedeutete dies: ein Wettkampf auf ihrer Heimstrecke. Die Bedingungen waren nicht einfach, der Schnee tief und anstrengend zu fahren.<br \/>\nDies hielt Emily Wei\u00df und Matteo Lewe aber nicht davon ab, einen Doppelsieg f\u00fcr den SVK einzufahren und mit den Tagesbestzeiten den begehrten Wanderpokal nach Kirchzarten zu holen. Gleichzeitig siegten sie im mitgewerteten Peltonen Cup. Chapeau! Herzliche Gratulation!<\/p>\n<p><a href=\"https:\/\/svkirchzarten.de\/ski-nordisch\/wp-content\/uploads\/sites\/24\/2020\/03\/2020_Rechbergpokal_nordisch_Klassenwertung.pdf\">Hier die Ergebnisse nach Altersklassen!<\/a><\/p>\n<p>Die Langl\u00e4ufer des Sportvereins Kirchzarten pr\u00e4sentierten sich allesamt sehr gut und lieferten sich spannende und faire Rennen. Viele rote Flitzer von U8 bis Herren 41 waren dann auch auf dem Podest zu finden: Den Anfang machte Theo Schuler in der U8 mit Platz 2. Unsere U9er- M\u00e4dels liefen auf Rang 6 ( Fritzi Otto) und 7 (Zo\u00e9 Nounkoua-Hinterberger) und in der U9 m\u00e4nnlich kam Philip Ubbelohde mit Rang 2 auch wieder auf das Podest.<br \/>\nTheresa L\u00fcdeke lieferte ein starkes Rennen und belohnte sich mit Platz 1 in der U11 weiblich, Stella Otto kam auf Platz 3 und Maxi Strittmatter erreichte den siebten Rang.<br \/>\nBei den Jungen gleicher Altersklasse liefen Elias Nkami Hinterberger auf Platz 2 und Samy Uetz auf 3, gefolgt von Hanspeter Schuler auf Rang 5.<br \/>\nAuch in der weiblichen Klasse \u201eSch\u00fcler U13\u201c konnten zwei Kirchzartenerinnen Gold und Silber holen; Annika L\u00fcdeke 1. sowie Lotta Sophie Mayr mit Platz 2. Magdal\u00e9na Chvatal erreichte hier Platz 7. Luis Schuler gewann in der m\u00e4nnlichen U13; seine Vereinskollegen Sascha Pietsch Platz 9 und Matthis Br\u00e4uer Platz 15 liefen ebenfalls gute Rennen.<\/p>\n<p>Und schon geht es weiter mit Gold und Silber, denn auch in der U14 weiblich standen mit Louisa Haag (Platz 1) und Mara Eckerle (Platz 2) zwei SV K-Sportlerinnen auf dem Podest. Auf Rang sechs folgte ihnen Helen Dupp\u00e9.<br \/>\nEbenfalls in der U14 lief bei den Buben Emil Schmidt zum Sieg und Tyler Uetz erk\u00e4mpfte sich den f\u00fcnften Rang.<br \/>\nEin super Rennergebnis gelang auch Dean Uetz mit Platz 2 in der Sch\u00fclerklasse U15 sowie den M\u00e4dchen der Jugend U16: Hier jubelte Judith L\u00fcdeke \u00fcber den Sieg und die Zwillingsschwestern Theresa Strecker und Anni Strecker freuten \u00fcber den dritten und f\u00fcnften Platz.<br \/>\nEmily Weiss fuhr als Tagessiegerin nat\u00fcrlich auf den ersten Platz und verwies Teamkollegin Eva Maria Zipfel in der Jugend U17\/18 auf Platz 3.<\/p>\n<p>In der Jugend U17\/18 m\u00e4nnlich siegte \u00fcber 7.5 km Matteo Lewe ebenfalls mit der Tagesbestzeit und Bendik Klinger erlief sich den vierten Rang. Vom SV K erreichte bei den Herren 41 Karlheinz Strecker den zweiten Platz.<\/p>\n<p>Ein besonderes Highlight sind immer die sch\u00f6nen, man m\u00f6chte schon fast schreiben liebevoll handgefertigten Pokale, die die Skizunft Bernau in Zusammenarbeit mit der Drechslerei Mutter &amp; Sohn und Fritz Baur Holzerzeugnisse GmbH herstellt und jedem Sportler \u00fcbergibt. Dieses Jahr war es ein Schneeflocken-Pokal. Wenn uns auch der echte Schnee etwas im Stich l\u00e4sst, so erfreuen uns diese Fl\u00f6ckchen doch sehr! Vielen Dank.<\/p>\n<p><a href=\"https:\/\/svkirchzarten.de\/ski-nordisch\/informationen\/galerie\/\">Auch immer ein Klick wert: unsere Bildergalerie<\/a><\/p>\n<p><span style=\"font-family: Arial, sans-serif\">\u00a0<\/span><\/p>\n","protected":false},"excerpt":{"rendered":"<p>01.03.2020 Diesen Winter ist es ein bisschen verflixt mit dem&#8230;<\/p>\n","protected":false},"author":16,"featured_media":1020,"comment_status":"closed","ping_status":"closed","sticky":false,"template":"","format":"standard","meta":{"footnotes":""},"categories":[4],"tags":[],"class_list":{"0":"post-1048","1":"post","2":"type-post","3":"status-publish","4":"format-standard","5":"has-post-thumbnail","7":"category-nordisch"},"yoast_head":"<!-- This site is optimized with the Yoast SEO plugin v27.4 - https:\/\/yoast.com\/product\/yoast-seo-wordpress\/ -->\n<title>Rechbergpokal: Sieg f\u00fcr Emily Weiss und Matteo Lewe vom SVK | Ski Nordisch &amp; Biathlon<\/title>\n<meta name=\"robots\" content=\"index, follow, max-snippet:-1, max-image-preview:large, max-video-preview:-1\" \/>\n<link rel=\"canonical\" href=\"https:\/\/svkirchzarten.de\/ski-nordisch\/2020\/03\/02\/rechbergpokal-sieg-fuer-emily-weiss-und-matteo-lewe-vom-svk\/\" \/>\n<meta property=\"og:locale\" content=\"de_DE\" \/>\n<meta property=\"og:type\" content=\"article\" \/>\n<meta property=\"og:title\" content=\"Rechbergpokal: Sieg f\u00fcr Emily Weiss und Matteo Lewe vom SVK | Ski Nordisch &amp; Biathlon\" \/>\n<meta property=\"og:description\" content=\"01.03.2020 Diesen Winter ist es ein bisschen verflixt mit dem...\" \/>\n<meta property=\"og:url\" content=\"https:\/\/svkirchzarten.de\/ski-nordisch\/2020\/03\/02\/rechbergpokal-sieg-fuer-emily-weiss-und-matteo-lewe-vom-svk\/\" \/>\n<meta property=\"og:site_name\" content=\"Ski Nordisch &amp; Biathlon\" \/>\n<meta property=\"article:published_time\" content=\"2020-03-02T18:56:14+00:00\" \/>\n<meta property=\"article:modified_time\" content=\"2020-03-02T19:10:16+00:00\" \/>\n<meta property=\"og:image\" content=\"https:\/\/svkirchzarten.de\/ski-nordisch\/wp-content\/uploads\/sites\/24\/2020\/03\/titelRechberg2020_152.jpg\" \/>\n\t<meta property=\"og:image:width\" content=\"1732\" \/>\n\t<meta property=\"og:image:height\" content=\"1154\" \/>\n\t<meta property=\"og:image:type\" content=\"image\/jpeg\" \/>\n<meta name=\"author\" content=\"nordisch\" \/>\n<meta name=\"twitter:card\" content=\"summary_large_image\" \/>\n<meta name=\"twitter:label1\" content=\"Verfasst von\" \/>\n\t<meta name=\"twitter:data1\" content=\"nordisch\" \/>\n\t<meta name=\"twitter:label2\" content=\"Gesch\u00e4tzte Lesezeit\" \/>\n\t<meta name=\"twitter:data2\" content=\"3\u00a0Minuten\" \/>\n<script type=\"application\/ld+json\" class=\"yoast-schema-graph\">{\"@context\":\"https:\\\/\\\/schema.org\",\"@graph\":[{\"@type\":\"Article\",\"@id\":\"https:\\\/\\\/svkirchzarten.de\\\/ski-nordisch\\\/2020\\\/03\\\/02\\\/rechbergpokal-sieg-fuer-emily-weiss-und-matteo-lewe-vom-svk\\\/#article\",\"isPartOf\":{\"@id\":\"https:\\\/\\\/svkirchzarten.de\\\/ski-nordisch\\\/2020\\\/03\\\/02\\\/rechbergpokal-sieg-fuer-emily-weiss-und-matteo-lewe-vom-svk\\\/\"},\"author\":{\"name\":\"nordisch\",\"@id\":\"https:\\\/\\\/svkirchzarten.de\\\/ski-nordisch\\\/#\\\/schema\\\/person\\\/485866d97cfeb0ab6cb43d31f57bc682\"},\"headline\":\"Rechbergpokal: Sieg f\u00fcr Emily Weiss und Matteo Lewe vom SVK\",\"datePublished\":\"2020-03-02T18:56:14+00:00\",\"dateModified\":\"2020-03-02T19:10:16+00:00\",\"mainEntityOfPage\":{\"@id\":\"https:\\\/\\\/svkirchzarten.de\\\/ski-nordisch\\\/2020\\\/03\\\/02\\\/rechbergpokal-sieg-fuer-emily-weiss-und-matteo-lewe-vom-svk\\\/\"},\"wordCount\":561,\"image\":{\"@id\":\"https:\\\/\\\/svkirchzarten.de\\\/ski-nordisch\\\/2020\\\/03\\\/02\\\/rechbergpokal-sieg-fuer-emily-weiss-und-matteo-lewe-vom-svk\\\/#primaryimage\"},\"thumbnailUrl\":\"https:\\\/\\\/svkirchzarten.de\\\/ski-nordisch\\\/wp-content\\\/uploads\\\/sites\\\/24\\\/2020\\\/03\\\/titelRechberg2020_152.jpg\",\"articleSection\":[\"Nordisch\"],\"inLanguage\":\"de\"},{\"@type\":\"WebPage\",\"@id\":\"https:\\\/\\\/svkirchzarten.de\\\/ski-nordisch\\\/2020\\\/03\\\/02\\\/rechbergpokal-sieg-fuer-emily-weiss-und-matteo-lewe-vom-svk\\\/\",\"url\":\"https:\\\/\\\/svkirchzarten.de\\\/ski-nordisch\\\/2020\\\/03\\\/02\\\/rechbergpokal-sieg-fuer-emily-weiss-und-matteo-lewe-vom-svk\\\/\",\"name\":\"Rechbergpokal: Sieg f\u00fcr Emily Weiss und Matteo Lewe vom SVK | Ski Nordisch &amp; Biathlon\",\"isPartOf\":{\"@id\":\"https:\\\/\\\/svkirchzarten.de\\\/ski-nordisch\\\/#website\"},\"primaryImageOfPage\":{\"@id\":\"https:\\\/\\\/svkirchzarten.de\\\/ski-nordisch\\\/2020\\\/03\\\/02\\\/rechbergpokal-sieg-fuer-emily-weiss-und-matteo-lewe-vom-svk\\\/#primaryimage\"},\"image\":{\"@id\":\"https:\\\/\\\/svkirchzarten.de\\\/ski-nordisch\\\/2020\\\/03\\\/02\\\/rechbergpokal-sieg-fuer-emily-weiss-und-matteo-lewe-vom-svk\\\/#primaryimage\"},\"thumbnailUrl\":\"https:\\\/\\\/svkirchzarten.de\\\/ski-nordisch\\\/wp-content\\\/uploads\\\/sites\\\/24\\\/2020\\\/03\\\/titelRechberg2020_152.jpg\",\"datePublished\":\"2020-03-02T18:56:14+00:00\",\"dateModified\":\"2020-03-02T19:10:16+00:00\",\"author\":{\"@id\":\"https:\\\/\\\/svkirchzarten.de\\\/ski-nordisch\\\/#\\\/schema\\\/person\\\/485866d97cfeb0ab6cb43d31f57bc682\"},\"breadcrumb\":{\"@id\":\"https:\\\/\\\/svkirchzarten.de\\\/ski-nordisch\\\/2020\\\/03\\\/02\\\/rechbergpokal-sieg-fuer-emily-weiss-und-matteo-lewe-vom-svk\\\/#breadcrumb\"},\"inLanguage\":\"de\",\"potentialAction\":[{\"@type\":\"ReadAction\",\"target\":[\"https:\\\/\\\/svkirchzarten.de\\\/ski-nordisch\\\/2020\\\/03\\\/02\\\/rechbergpokal-sieg-fuer-emily-weiss-und-matteo-lewe-vom-svk\\\/\"]}]},{\"@type\":\"ImageObject\",\"inLanguage\":\"de\",\"@id\":\"https:\\\/\\\/svkirchzarten.de\\\/ski-nordisch\\\/2020\\\/03\\\/02\\\/rechbergpokal-sieg-fuer-emily-weiss-und-matteo-lewe-vom-svk\\\/#primaryimage\",\"url\":\"https:\\\/\\\/svkirchzarten.de\\\/ski-nordisch\\\/wp-content\\\/uploads\\\/sites\\\/24\\\/2020\\\/03\\\/titelRechberg2020_152.jpg\",\"contentUrl\":\"https:\\\/\\\/svkirchzarten.de\\\/ski-nordisch\\\/wp-content\\\/uploads\\\/sites\\\/24\\\/2020\\\/03\\\/titelRechberg2020_152.jpg\",\"width\":1732,\"height\":1154},{\"@type\":\"BreadcrumbList\",\"@id\":\"https:\\\/\\\/svkirchzarten.de\\\/ski-nordisch\\\/2020\\\/03\\\/02\\\/rechbergpokal-sieg-fuer-emily-weiss-und-matteo-lewe-vom-svk\\\/#breadcrumb\",\"itemListElement\":[{\"@type\":\"ListItem\",\"position\":1,\"name\":\"SV Kirchzarten\",\"item\":\"https:\\\/\\\/svkirchzarten.de\\\/ski-nordisch\\\/\"},{\"@type\":\"ListItem\",\"position\":2,\"name\":\"Rechbergpokal: Sieg f\u00fcr Emily Weiss und Matteo Lewe vom SVK\"}]},{\"@type\":\"WebSite\",\"@id\":\"https:\\\/\\\/svkirchzarten.de\\\/ski-nordisch\\\/#website\",\"url\":\"https:\\\/\\\/svkirchzarten.de\\\/ski-nordisch\\\/\",\"name\":\"Ski Nordisch\",\"description\":\"\",\"alternateName\":\"SV Kirchzarten Ski Nordisch\",\"potentialAction\":[{\"@type\":\"SearchAction\",\"target\":{\"@type\":\"EntryPoint\",\"urlTemplate\":\"https:\\\/\\\/svkirchzarten.de\\\/ski-nordisch\\\/?s={search_term_string}\"},\"query-input\":{\"@type\":\"PropertyValueSpecification\",\"valueRequired\":true,\"valueName\":\"search_term_string\"}}],\"inLanguage\":\"de\"},{\"@type\":\"Person\",\"@id\":\"https:\\\/\\\/svkirchzarten.de\\\/ski-nordisch\\\/#\\\/schema\\\/person\\\/485866d97cfeb0ab6cb43d31f57bc682\",\"name\":\"nordisch\",\"image\":{\"@type\":\"ImageObject\",\"inLanguage\":\"de\",\"@id\":\"https:\\\/\\\/secure.gravatar.com\\\/avatar\\\/d058a53f620f46414fc06f2ef8ecfb7631964ca6096ae6786cac8414a1af8bb2?s=96&d=mm&r=g\",\"url\":\"https:\\\/\\\/secure.gravatar.com\\\/avatar\\\/d058a53f620f46414fc06f2ef8ecfb7631964ca6096ae6786cac8414a1af8bb2?s=96&d=mm&r=g\",\"contentUrl\":\"https:\\\/\\\/secure.gravatar.com\\\/avatar\\\/d058a53f620f46414fc06f2ef8ecfb7631964ca6096ae6786cac8414a1af8bb2?s=96&d=mm&r=g\",\"caption\":\"nordisch\"},\"url\":\"https:\\\/\\\/svkirchzarten.de\\\/ski-nordisch\\\/author\\\/nordisch\\\/\"}]}<\/script>\n<!-- \/ Yoast SEO plugin. -->","yoast_head_json":{"title":"Rechbergpokal: Sieg f\u00fcr Emily Weiss und Matteo Lewe vom SVK | Ski Nordisch &amp; Biathlon","robots":{"index":"index","follow":"follow","max-snippet":"max-snippet:-1","max-image-preview":"max-image-preview:large","max-video-preview":"max-video-preview:-1"},"canonical":"https:\/\/svkirchzarten.de\/ski-nordisch\/2020\/03\/02\/rechbergpokal-sieg-fuer-emily-weiss-und-matteo-lewe-vom-svk\/","og_locale":"de_DE","og_type":"article","og_title":"Rechbergpokal: Sieg f\u00fcr Emily Weiss und Matteo Lewe vom SVK | Ski Nordisch &amp; Biathlon","og_description":"01.03.2020 Diesen Winter ist es ein bisschen verflixt mit dem...","og_url":"https:\/\/svkirchzarten.de\/ski-nordisch\/2020\/03\/02\/rechbergpokal-sieg-fuer-emily-weiss-und-matteo-lewe-vom-svk\/","og_site_name":"Ski Nordisch &amp; Biathlon","article_published_time":"2020-03-02T18:56:14+00:00","article_modified_time":"2020-03-02T19:10:16+00:00","og_image":[{"width":1732,"height":1154,"url":"https:\/\/svkirchzarten.de\/ski-nordisch\/wp-content\/uploads\/sites\/24\/2020\/03\/titelRechberg2020_152.jpg","type":"image\/jpeg"}],"author":"nordisch","twitter_card":"summary_large_image","twitter_misc":{"Verfasst von":"nordisch","Gesch\u00e4tzte Lesezeit":"3\u00a0Minuten"},"schema":{"@context":"https:\/\/schema.org","@graph":[{"@type":"Article","@id":"https:\/\/svkirchzarten.de\/ski-nordisch\/2020\/03\/02\/rechbergpokal-sieg-fuer-emily-weiss-und-matteo-lewe-vom-svk\/#article","isPartOf":{"@id":"https:\/\/svkirchzarten.de\/ski-nordisch\/2020\/03\/02\/rechbergpokal-sieg-fuer-emily-weiss-und-matteo-lewe-vom-svk\/"},"author":{"name":"nordisch","@id":"https:\/\/svkirchzarten.de\/ski-nordisch\/#\/schema\/person\/485866d97cfeb0ab6cb43d31f57bc682"},"headline":"Rechbergpokal: Sieg f\u00fcr Emily Weiss und Matteo Lewe vom SVK","datePublished":"2020-03-02T18:56:14+00:00","dateModified":"2020-03-02T19:10:16+00:00","mainEntityOfPage":{"@id":"https:\/\/svkirchzarten.de\/ski-nordisch\/2020\/03\/02\/rechbergpokal-sieg-fuer-emily-weiss-und-matteo-lewe-vom-svk\/"},"wordCount":561,"image":{"@id":"https:\/\/svkirchzarten.de\/ski-nordisch\/2020\/03\/02\/rechbergpokal-sieg-fuer-emily-weiss-und-matteo-lewe-vom-svk\/#primaryimage"},"thumbnailUrl":"https:\/\/svkirchzarten.de\/ski-nordisch\/wp-content\/uploads\/sites\/24\/2020\/03\/titelRechberg2020_152.jpg","articleSection":["Nordisch"],"inLanguage":"de"},{"@type":"WebPage","@id":"https:\/\/svkirchzarten.de\/ski-nordisch\/2020\/03\/02\/rechbergpokal-sieg-fuer-emily-weiss-und-matteo-lewe-vom-svk\/","url":"https:\/\/svkirchzarten.de\/ski-nordisch\/2020\/03\/02\/rechbergpokal-sieg-fuer-emily-weiss-und-matteo-lewe-vom-svk\/","name":"Rechbergpokal: Sieg f\u00fcr Emily Weiss und Matteo Lewe vom SVK | Ski Nordisch &amp; Biathlon","isPartOf":{"@id":"https:\/\/svkirchzarten.de\/ski-nordisch\/#website"},"primaryImageOfPage":{"@id":"https:\/\/svkirchzarten.de\/ski-nordisch\/2020\/03\/02\/rechbergpokal-sieg-fuer-emily-weiss-und-matteo-lewe-vom-svk\/#primaryimage"},"image":{"@id":"https:\/\/svkirchzarten.de\/ski-nordisch\/2020\/03\/02\/rechbergpokal-sieg-fuer-emily-weiss-und-matteo-lewe-vom-svk\/#primaryimage"},"thumbnailUrl":"https:\/\/svkirchzarten.de\/ski-nordisch\/wp-content\/uploads\/sites\/24\/2020\/03\/titelRechberg2020_152.jpg","datePublished":"2020-03-02T18:56:14+00:00","dateModified":"2020-03-02T19:10:16+00:00","author":{"@id":"https:\/\/svkirchzarten.de\/ski-nordisch\/#\/schema\/person\/485866d97cfeb0ab6cb43d31f57bc682"},"breadcrumb":{"@id":"https:\/\/svkirchzarten.de\/ski-nordisch\/2020\/03\/02\/rechbergpokal-sieg-fuer-emily-weiss-und-matteo-lewe-vom-svk\/#breadcrumb"},"inLanguage":"de","potentialAction":[{"@type":"ReadAction","target":["https:\/\/svkirchzarten.de\/ski-nordisch\/2020\/03\/02\/rechbergpokal-sieg-fuer-emily-weiss-und-matteo-lewe-vom-svk\/"]}]},{"@type":"ImageObject","inLanguage":"de","@id":"https:\/\/svkirchzarten.de\/ski-nordisch\/2020\/03\/02\/rechbergpokal-sieg-fuer-emily-weiss-und-matteo-lewe-vom-svk\/#primaryimage","url":"https:\/\/svkirchzarten.de\/ski-nordisch\/wp-content\/uploads\/sites\/24\/2020\/03\/titelRechberg2020_152.jpg","contentUrl":"https:\/\/svkirchzarten.de\/ski-nordisch\/wp-content\/uploads\/sites\/24\/2020\/03\/titelRechberg2020_152.jpg","width":1732,"height":1154},{"@type":"BreadcrumbList","@id":"https:\/\/svkirchzarten.de\/ski-nordisch\/2020\/03\/02\/rechbergpokal-sieg-fuer-emily-weiss-und-matteo-lewe-vom-svk\/#breadcrumb","itemListElement":[{"@type":"ListItem","position":1,"name":"SV Kirchzarten","item":"https:\/\/svkirchzarten.de\/ski-nordisch\/"},{"@type":"ListItem","position":2,"name":"Rechbergpokal: Sieg f\u00fcr Emily Weiss und Matteo Lewe vom SVK"}]},{"@type":"WebSite","@id":"https:\/\/svkirchzarten.de\/ski-nordisch\/#website","url":"https:\/\/svkirchzarten.de\/ski-nordisch\/","name":"Ski Nordisch","description":"","alternateName":"SV Kirchzarten Ski Nordisch","potentialAction":[{"@type":"SearchAction","target":{"@type":"EntryPoint","urlTemplate":"https:\/\/svkirchzarten.de\/ski-nordisch\/?s={search_term_string}"},"query-input":{"@type":"PropertyValueSpecification","valueRequired":true,"valueName":"search_term_string"}}],"inLanguage":"de"},{"@type":"Person","@id":"https:\/\/svkirchzarten.de\/ski-nordisch\/#\/schema\/person\/485866d97cfeb0ab6cb43d31f57bc682","name":"nordisch","image":{"@type":"ImageObject","inLanguage":"de","@id":"https:\/\/secure.gravatar.com\/avatar\/d058a53f620f46414fc06f2ef8ecfb7631964ca6096ae6786cac8414a1af8bb2?s=96&d=mm&r=g","url":"https:\/\/secure.gravatar.com\/avatar\/d058a53f620f46414fc06f2ef8ecfb7631964ca6096ae6786cac8414a1af8bb2?s=96&d=mm&r=g","contentUrl":"https:\/\/secure.gravatar.com\/avatar\/d058a53f620f46414fc06f2ef8ecfb7631964ca6096ae6786cac8414a1af8bb2?s=96&d=mm&r=g","caption":"nordisch"},"url":"https:\/\/svkirchzarten.de\/ski-nordisch\/author\/nordisch\/"}]}},"publishpress_future_action":{"enabled":false,"date":"2026-05-04 12:34:19","action":"change-status","newStatus":"draft","terms":[],"taxonomy":"category","extraData":[]},"publishpress_future_workflow_manual_trigger":{"enabledWorkflows":[]},"_links":{"self":[{"href":"https:\/\/svkirchzarten.de\/ski-nordisch\/wp-json\/wp\/v2\/posts\/1048","targetHints":{"allow":["GET"]}}],"collection":[{"href":"https:\/\/svkirchzarten.de\/ski-nordisch\/wp-json\/wp\/v2\/posts"}],"about":[{"href":"https:\/\/svkirchzarten.de\/ski-nordisch\/wp-json\/wp\/v2\/types\/post"}],"author":[{"embeddable":true,"href":"https:\/\/svkirchzarten.de\/ski-nordisch\/wp-json\/wp\/v2\/users\/16"}],"replies":[{"embeddable":true,"href":"https:\/\/svkirchzarten.de\/ski-nordisch\/wp-json\/wp\/v2\/comments?post=1048"}],"version-history":[{"count":0,"href":"https:\/\/svkirchzarten.de\/ski-nordisch\/wp-json\/wp\/v2\/posts\/1048\/revisions"}],"wp:featuredmedia":[{"embeddable":true,"href":"https:\/\/svkirchzarten.de\/ski-nordisch\/wp-json\/wp\/v2\/media\/1020"}],"wp:attachment":[{"href":"https:\/\/svkirchzarten.de\/ski-nordisch\/wp-json\/wp\/v2\/media?parent=1048"}],"wp:term":[{"taxonomy":"category","embeddable":true,"href":"https:\/\/svkirchzarten.de\/ski-nordisch\/wp-json\/wp\/v2\/categories?post=1048"},{"taxonomy":"post_tag","embeddable":true,"href":"https:\/\/svkirchzarten.de\/ski-nordisch\/wp-json\/wp\/v2\/tags?post=1048"}],"curies":[{"name":"wp","href":"https:\/\/api.w.org\/{rel}","templated":true}]}}