{"id":805,"date":"2022-04-11T11:47:09","date_gmt":"2022-04-11T09:47:09","guid":{"rendered":"https:\/\/svkirchzarten.de\/rad\/?p=805"},"modified":"2022-04-11T11:47:09","modified_gmt":"2022-04-11T09:47:09","slug":"hausach-schwarzwaelder-mtb-cup","status":"publish","type":"post","link":"https:\/\/svkirchzarten.de\/rad\/2022\/04\/11\/hausach-schwarzwaelder-mtb-cup\/","title":{"rendered":"Hausach Schwarzw\u00e4lder MTB Cup"},"content":{"rendered":"<p>Die Rennsaison hat nun endlich f\u00fcr alle Altersklassen wieder begonnen! Das Lexware Team des SV Kirchzarten war in allen Altersklassen vertreten und k\u00e4mpfte sich durch die schlammige Waldstrecke. Leider gab es den einen oder anderen Sturz &#8211; wir w\u00fcnschen allen Fahrer\/innen schnelle und gute Besserung!<\/p>\n<p>Ole Jan Riesterer raste beim Slalom am Samstag auf den 2. Platz!<\/p>\n<p>Frederik Matz \u00fcberzeugte in einem souver\u00e4nen Rennen in der U19 mit einem starken 2. Platz.<\/p>\n<p>Niklas Franz fuhr in seinem ersten U19 Jahr ein richtig starkes Rennen und landete auf Platz 5.<\/p>\n<p>Herzliche Gratulation an alle Lexware Fahrer\/innen und bis bald in Urach!<\/p>\n","protected":false},"excerpt":{"rendered":"<p>Die Rennsaison hat nun endlich f\u00fcr alle Altersklassen wieder begonnen!&#8230;<\/p>\n","protected":false},"author":15,"featured_media":806,"comment_status":"closed","ping_status":"closed","sticky":false,"template":"","format":"standard","meta":{"footnotes":""},"categories":[1],"tags":[],"class_list":{"0":"post-805","1":"post","2":"type-post","3":"status-publish","4":"format-standard","5":"has-post-thumbnail","7":"category-allgemein"},"yoast_head":"<!-- This site is optimized with the Yoast SEO plugin v27.5 - https:\/\/yoast.com\/product\/yoast-seo-wordpress\/ -->\n<title>Hausach Schwarzw\u00e4lder MTB Cup | Rad<\/title>\n<meta name=\"robots\" content=\"index, follow, max-snippet:-1, max-image-preview:large, max-video-preview:-1\" \/>\n<link rel=\"canonical\" href=\"https:\/\/svkirchzarten.de\/rad\/2022\/04\/11\/hausach-schwarzwaelder-mtb-cup\/\" \/>\n<meta property=\"og:locale\" content=\"de_DE\" \/>\n<meta property=\"og:type\" content=\"article\" \/>\n<meta property=\"og:title\" content=\"Hausach Schwarzw\u00e4lder MTB Cup | Rad\" \/>\n<meta property=\"og:description\" content=\"Die Rennsaison hat nun endlich f\u00fcr alle Altersklassen wieder begonnen!...\" \/>\n<meta property=\"og:url\" content=\"https:\/\/svkirchzarten.de\/rad\/2022\/04\/11\/hausach-schwarzwaelder-mtb-cup\/\" \/>\n<meta property=\"og:site_name\" content=\"Rad\" \/>\n<meta property=\"article:publisher\" content=\"https:\/\/www.facebook.com\/svkirchzarten\/\" \/>\n<meta property=\"article:published_time\" content=\"2022-04-11T09:47:09+00:00\" \/>\n<meta property=\"og:image\" content=\"https:\/\/svkirchzarten.de\/rad\/wp-content\/uploads\/sites\/15\/2022\/04\/Hausach2022_Start_U19.jpg\" \/>\n\t<meta property=\"og:image:width\" content=\"947\" \/>\n\t<meta property=\"og:image:height\" content=\"733\" \/>\n\t<meta property=\"og:image:type\" content=\"image\/jpeg\" \/>\n<meta name=\"author\" content=\"Eva Franz\" \/>\n<meta name=\"twitter:card\" content=\"summary_large_image\" \/>\n<meta name=\"twitter:label1\" content=\"Verfasst von\" \/>\n\t<meta name=\"twitter:data1\" content=\"Eva Franz\" \/>\n\t<meta name=\"twitter:label2\" content=\"Gesch\u00e4tzte Lesezeit\" \/>\n\t<meta name=\"twitter:data2\" content=\"1\u00a0Minute\" \/>\n<script type=\"application\/ld+json\" class=\"yoast-schema-graph\">{\"@context\":\"https:\\\/\\\/schema.org\",\"@graph\":[{\"@type\":\"Article\",\"@id\":\"https:\\\/\\\/svkirchzarten.de\\\/rad\\\/2022\\\/04\\\/11\\\/hausach-schwarzwaelder-mtb-cup\\\/#article\",\"isPartOf\":{\"@id\":\"https:\\\/\\\/svkirchzarten.de\\\/rad\\\/2022\\\/04\\\/11\\\/hausach-schwarzwaelder-mtb-cup\\\/\"},\"author\":{\"name\":\"Eva Franz\",\"@id\":\"https:\\\/\\\/svkirchzarten.de\\\/rad\\\/#\\\/schema\\\/person\\\/183d19b55274f20f8bb47bf845c71c26\"},\"headline\":\"Hausach Schwarzw\u00e4lder MTB Cup\",\"datePublished\":\"2022-04-11T09:47:09+00:00\",\"mainEntityOfPage\":{\"@id\":\"https:\\\/\\\/svkirchzarten.de\\\/rad\\\/2022\\\/04\\\/11\\\/hausach-schwarzwaelder-mtb-cup\\\/\"},\"wordCount\":108,\"publisher\":{\"@id\":\"https:\\\/\\\/svkirchzarten.de\\\/rad\\\/#organization\"},\"image\":{\"@id\":\"https:\\\/\\\/svkirchzarten.de\\\/rad\\\/2022\\\/04\\\/11\\\/hausach-schwarzwaelder-mtb-cup\\\/#primaryimage\"},\"thumbnailUrl\":\"https:\\\/\\\/svkirchzarten.de\\\/rad\\\/wp-content\\\/uploads\\\/sites\\\/15\\\/2022\\\/04\\\/Hausach2022_Start_U19.jpg\",\"inLanguage\":\"de\"},{\"@type\":\"WebPage\",\"@id\":\"https:\\\/\\\/svkirchzarten.de\\\/rad\\\/2022\\\/04\\\/11\\\/hausach-schwarzwaelder-mtb-cup\\\/\",\"url\":\"https:\\\/\\\/svkirchzarten.de\\\/rad\\\/2022\\\/04\\\/11\\\/hausach-schwarzwaelder-mtb-cup\\\/\",\"name\":\"Hausach Schwarzw\u00e4lder MTB Cup | Rad\",\"isPartOf\":{\"@id\":\"https:\\\/\\\/svkirchzarten.de\\\/rad\\\/#website\"},\"primaryImageOfPage\":{\"@id\":\"https:\\\/\\\/svkirchzarten.de\\\/rad\\\/2022\\\/04\\\/11\\\/hausach-schwarzwaelder-mtb-cup\\\/#primaryimage\"},\"image\":{\"@id\":\"https:\\\/\\\/svkirchzarten.de\\\/rad\\\/2022\\\/04\\\/11\\\/hausach-schwarzwaelder-mtb-cup\\\/#primaryimage\"},\"thumbnailUrl\":\"https:\\\/\\\/svkirchzarten.de\\\/rad\\\/wp-content\\\/uploads\\\/sites\\\/15\\\/2022\\\/04\\\/Hausach2022_Start_U19.jpg\",\"datePublished\":\"2022-04-11T09:47:09+00:00\",\"breadcrumb\":{\"@id\":\"https:\\\/\\\/svkirchzarten.de\\\/rad\\\/2022\\\/04\\\/11\\\/hausach-schwarzwaelder-mtb-cup\\\/#breadcrumb\"},\"inLanguage\":\"de\",\"potentialAction\":[{\"@type\":\"ReadAction\",\"target\":[\"https:\\\/\\\/svkirchzarten.de\\\/rad\\\/2022\\\/04\\\/11\\\/hausach-schwarzwaelder-mtb-cup\\\/\"]}]},{\"@type\":\"ImageObject\",\"inLanguage\":\"de\",\"@id\":\"https:\\\/\\\/svkirchzarten.de\\\/rad\\\/2022\\\/04\\\/11\\\/hausach-schwarzwaelder-mtb-cup\\\/#primaryimage\",\"url\":\"https:\\\/\\\/svkirchzarten.de\\\/rad\\\/wp-content\\\/uploads\\\/sites\\\/15\\\/2022\\\/04\\\/Hausach2022_Start_U19.jpg\",\"contentUrl\":\"https:\\\/\\\/svkirchzarten.de\\\/rad\\\/wp-content\\\/uploads\\\/sites\\\/15\\\/2022\\\/04\\\/Hausach2022_Start_U19.jpg\",\"width\":947,\"height\":733},{\"@type\":\"BreadcrumbList\",\"@id\":\"https:\\\/\\\/svkirchzarten.de\\\/rad\\\/2022\\\/04\\\/11\\\/hausach-schwarzwaelder-mtb-cup\\\/#breadcrumb\",\"itemListElement\":[{\"@type\":\"ListItem\",\"position\":1,\"name\":\"SV Kirchzarten\",\"item\":\"https:\\\/\\\/svkirchzarten.de\\\/rad\\\/\"},{\"@type\":\"ListItem\",\"position\":2,\"name\":\"Hausach Schwarzw\u00e4lder MTB Cup\"}]},{\"@type\":\"WebSite\",\"@id\":\"https:\\\/\\\/svkirchzarten.de\\\/rad\\\/#website\",\"url\":\"https:\\\/\\\/svkirchzarten.de\\\/rad\\\/\",\"name\":\"Rad\",\"description\":\"\",\"publisher\":{\"@id\":\"https:\\\/\\\/svkirchzarten.de\\\/rad\\\/#organization\"},\"alternateName\":\"SV Kirchzarten Rad\",\"potentialAction\":[{\"@type\":\"SearchAction\",\"target\":{\"@type\":\"EntryPoint\",\"urlTemplate\":\"https:\\\/\\\/svkirchzarten.de\\\/rad\\\/?s={search_term_string}\"},\"query-input\":{\"@type\":\"PropertyValueSpecification\",\"valueRequired\":true,\"valueName\":\"search_term_string\"}}],\"inLanguage\":\"de\"},{\"@type\":\"Organization\",\"@id\":\"https:\\\/\\\/svkirchzarten.de\\\/rad\\\/#organization\",\"name\":\"Rad\",\"url\":\"https:\\\/\\\/svkirchzarten.de\\\/rad\\\/\",\"logo\":{\"@type\":\"ImageObject\",\"inLanguage\":\"de\",\"@id\":\"https:\\\/\\\/svkirchzarten.de\\\/rad\\\/#\\\/schema\\\/logo\\\/image\\\/\",\"url\":\"https:\\\/\\\/svkirchzarten.de\\\/rad\\\/wp-content\\\/uploads\\\/sites\\\/15\\\/2021\\\/02\\\/sv-kirchzarten-logo.svg\",\"contentUrl\":\"https:\\\/\\\/svkirchzarten.de\\\/rad\\\/wp-content\\\/uploads\\\/sites\\\/15\\\/2021\\\/02\\\/sv-kirchzarten-logo.svg\",\"width\":1,\"height\":1,\"caption\":\"Rad\"},\"image\":{\"@id\":\"https:\\\/\\\/svkirchzarten.de\\\/rad\\\/#\\\/schema\\\/logo\\\/image\\\/\"},\"sameAs\":[\"https:\\\/\\\/www.facebook.com\\\/svkirchzarten\\\/\"]},{\"@type\":\"Person\",\"@id\":\"https:\\\/\\\/svkirchzarten.de\\\/rad\\\/#\\\/schema\\\/person\\\/183d19b55274f20f8bb47bf845c71c26\",\"name\":\"Eva Franz\",\"image\":{\"@type\":\"ImageObject\",\"inLanguage\":\"de\",\"@id\":\"https:\\\/\\\/secure.gravatar.com\\\/avatar\\\/fe5252662737d32d641eb581103f7eed05500832488a4bf7fbc53893e4c7a23a?s=96&d=mm&r=g\",\"url\":\"https:\\\/\\\/secure.gravatar.com\\\/avatar\\\/fe5252662737d32d641eb581103f7eed05500832488a4bf7fbc53893e4c7a23a?s=96&d=mm&r=g\",\"contentUrl\":\"https:\\\/\\\/secure.gravatar.com\\\/avatar\\\/fe5252662737d32d641eb581103f7eed05500832488a4bf7fbc53893e4c7a23a?s=96&d=mm&r=g\",\"caption\":\"Eva Franz\"},\"url\":\"https:\\\/\\\/svkirchzarten.de\\\/rad\\\/author\\\/evafranz\\\/\"}]}<\/script>\n<!-- \/ Yoast SEO plugin. -->","yoast_head_json":{"title":"Hausach Schwarzw\u00e4lder MTB Cup | Rad","robots":{"index":"index","follow":"follow","max-snippet":"max-snippet:-1","max-image-preview":"max-image-preview:large","max-video-preview":"max-video-preview:-1"},"canonical":"https:\/\/svkirchzarten.de\/rad\/2022\/04\/11\/hausach-schwarzwaelder-mtb-cup\/","og_locale":"de_DE","og_type":"article","og_title":"Hausach Schwarzw\u00e4lder MTB Cup | Rad","og_description":"Die Rennsaison hat nun endlich f\u00fcr alle Altersklassen wieder begonnen!...","og_url":"https:\/\/svkirchzarten.de\/rad\/2022\/04\/11\/hausach-schwarzwaelder-mtb-cup\/","og_site_name":"Rad","article_publisher":"https:\/\/www.facebook.com\/svkirchzarten\/","article_published_time":"2022-04-11T09:47:09+00:00","og_image":[{"width":947,"height":733,"url":"https:\/\/svkirchzarten.de\/rad\/wp-content\/uploads\/sites\/15\/2022\/04\/Hausach2022_Start_U19.jpg","type":"image\/jpeg"}],"author":"Eva Franz","twitter_card":"summary_large_image","twitter_misc":{"Verfasst von":"Eva Franz","Gesch\u00e4tzte Lesezeit":"1\u00a0Minute"},"schema":{"@context":"https:\/\/schema.org","@graph":[{"@type":"Article","@id":"https:\/\/svkirchzarten.de\/rad\/2022\/04\/11\/hausach-schwarzwaelder-mtb-cup\/#article","isPartOf":{"@id":"https:\/\/svkirchzarten.de\/rad\/2022\/04\/11\/hausach-schwarzwaelder-mtb-cup\/"},"author":{"name":"Eva Franz","@id":"https:\/\/svkirchzarten.de\/rad\/#\/schema\/person\/183d19b55274f20f8bb47bf845c71c26"},"headline":"Hausach Schwarzw\u00e4lder MTB Cup","datePublished":"2022-04-11T09:47:09+00:00","mainEntityOfPage":{"@id":"https:\/\/svkirchzarten.de\/rad\/2022\/04\/11\/hausach-schwarzwaelder-mtb-cup\/"},"wordCount":108,"publisher":{"@id":"https:\/\/svkirchzarten.de\/rad\/#organization"},"image":{"@id":"https:\/\/svkirchzarten.de\/rad\/2022\/04\/11\/hausach-schwarzwaelder-mtb-cup\/#primaryimage"},"thumbnailUrl":"https:\/\/svkirchzarten.de\/rad\/wp-content\/uploads\/sites\/15\/2022\/04\/Hausach2022_Start_U19.jpg","inLanguage":"de"},{"@type":"WebPage","@id":"https:\/\/svkirchzarten.de\/rad\/2022\/04\/11\/hausach-schwarzwaelder-mtb-cup\/","url":"https:\/\/svkirchzarten.de\/rad\/2022\/04\/11\/hausach-schwarzwaelder-mtb-cup\/","name":"Hausach Schwarzw\u00e4lder MTB Cup | Rad","isPartOf":{"@id":"https:\/\/svkirchzarten.de\/rad\/#website"},"primaryImageOfPage":{"@id":"https:\/\/svkirchzarten.de\/rad\/2022\/04\/11\/hausach-schwarzwaelder-mtb-cup\/#primaryimage"},"image":{"@id":"https:\/\/svkirchzarten.de\/rad\/2022\/04\/11\/hausach-schwarzwaelder-mtb-cup\/#primaryimage"},"thumbnailUrl":"https:\/\/svkirchzarten.de\/rad\/wp-content\/uploads\/sites\/15\/2022\/04\/Hausach2022_Start_U19.jpg","datePublished":"2022-04-11T09:47:09+00:00","breadcrumb":{"@id":"https:\/\/svkirchzarten.de\/rad\/2022\/04\/11\/hausach-schwarzwaelder-mtb-cup\/#breadcrumb"},"inLanguage":"de","potentialAction":[{"@type":"ReadAction","target":["https:\/\/svkirchzarten.de\/rad\/2022\/04\/11\/hausach-schwarzwaelder-mtb-cup\/"]}]},{"@type":"ImageObject","inLanguage":"de","@id":"https:\/\/svkirchzarten.de\/rad\/2022\/04\/11\/hausach-schwarzwaelder-mtb-cup\/#primaryimage","url":"https:\/\/svkirchzarten.de\/rad\/wp-content\/uploads\/sites\/15\/2022\/04\/Hausach2022_Start_U19.jpg","contentUrl":"https:\/\/svkirchzarten.de\/rad\/wp-content\/uploads\/sites\/15\/2022\/04\/Hausach2022_Start_U19.jpg","width":947,"height":733},{"@type":"BreadcrumbList","@id":"https:\/\/svkirchzarten.de\/rad\/2022\/04\/11\/hausach-schwarzwaelder-mtb-cup\/#breadcrumb","itemListElement":[{"@type":"ListItem","position":1,"name":"SV Kirchzarten","item":"https:\/\/svkirchzarten.de\/rad\/"},{"@type":"ListItem","position":2,"name":"Hausach Schwarzw\u00e4lder MTB Cup"}]},{"@type":"WebSite","@id":"https:\/\/svkirchzarten.de\/rad\/#website","url":"https:\/\/svkirchzarten.de\/rad\/","name":"Rad","description":"","publisher":{"@id":"https:\/\/svkirchzarten.de\/rad\/#organization"},"alternateName":"SV Kirchzarten Rad","potentialAction":[{"@type":"SearchAction","target":{"@type":"EntryPoint","urlTemplate":"https:\/\/svkirchzarten.de\/rad\/?s={search_term_string}"},"query-input":{"@type":"PropertyValueSpecification","valueRequired":true,"valueName":"search_term_string"}}],"inLanguage":"de"},{"@type":"Organization","@id":"https:\/\/svkirchzarten.de\/rad\/#organization","name":"Rad","url":"https:\/\/svkirchzarten.de\/rad\/","logo":{"@type":"ImageObject","inLanguage":"de","@id":"https:\/\/svkirchzarten.de\/rad\/#\/schema\/logo\/image\/","url":"https:\/\/svkirchzarten.de\/rad\/wp-content\/uploads\/sites\/15\/2021\/02\/sv-kirchzarten-logo.svg","contentUrl":"https:\/\/svkirchzarten.de\/rad\/wp-content\/uploads\/sites\/15\/2021\/02\/sv-kirchzarten-logo.svg","width":1,"height":1,"caption":"Rad"},"image":{"@id":"https:\/\/svkirchzarten.de\/rad\/#\/schema\/logo\/image\/"},"sameAs":["https:\/\/www.facebook.com\/svkirchzarten\/"]},{"@type":"Person","@id":"https:\/\/svkirchzarten.de\/rad\/#\/schema\/person\/183d19b55274f20f8bb47bf845c71c26","name":"Eva Franz","image":{"@type":"ImageObject","inLanguage":"de","@id":"https:\/\/secure.gravatar.com\/avatar\/fe5252662737d32d641eb581103f7eed05500832488a4bf7fbc53893e4c7a23a?s=96&d=mm&r=g","url":"https:\/\/secure.gravatar.com\/avatar\/fe5252662737d32d641eb581103f7eed05500832488a4bf7fbc53893e4c7a23a?s=96&d=mm&r=g","contentUrl":"https:\/\/secure.gravatar.com\/avatar\/fe5252662737d32d641eb581103f7eed05500832488a4bf7fbc53893e4c7a23a?s=96&d=mm&r=g","caption":"Eva Franz"},"url":"https:\/\/svkirchzarten.de\/rad\/author\/evafranz\/"}]}},"publishpress_future_action":{"enabled":false,"date":"2026-05-07 20:33:48","action":"change-status","newStatus":"draft","terms":[],"taxonomy":"category","extraData":[]},"publishpress_future_workflow_manual_trigger":{"enabledWorkflows":[]},"_links":{"self":[{"href":"https:\/\/svkirchzarten.de\/rad\/wp-json\/wp\/v2\/posts\/805","targetHints":{"allow":["GET"]}}],"collection":[{"href":"https:\/\/svkirchzarten.de\/rad\/wp-json\/wp\/v2\/posts"}],"about":[{"href":"https:\/\/svkirchzarten.de\/rad\/wp-json\/wp\/v2\/types\/post"}],"author":[{"embeddable":true,"href":"https:\/\/svkirchzarten.de\/rad\/wp-json\/wp\/v2\/users\/15"}],"replies":[{"embeddable":true,"href":"https:\/\/svkirchzarten.de\/rad\/wp-json\/wp\/v2\/comments?post=805"}],"version-history":[{"count":0,"href":"https:\/\/svkirchzarten.de\/rad\/wp-json\/wp\/v2\/posts\/805\/revisions"}],"wp:featuredmedia":[{"embeddable":true,"href":"https:\/\/svkirchzarten.de\/rad\/wp-json\/wp\/v2\/media\/806"}],"wp:attachment":[{"href":"https:\/\/svkirchzarten.de\/rad\/wp-json\/wp\/v2\/media?parent=805"}],"wp:term":[{"taxonomy":"category","embeddable":true,"href":"https:\/\/svkirchzarten.de\/rad\/wp-json\/wp\/v2\/categories?post=805"},{"taxonomy":"post_tag","embeddable":true,"href":"https:\/\/svkirchzarten.de\/rad\/wp-json\/wp\/v2\/tags?post=805"}],"curies":[{"name":"wp","href":"https:\/\/api.w.org\/{rel}","templated":true}]}}