{"id":1391,"date":"2025-10-01T09:48:16","date_gmt":"2025-10-01T07:48:16","guid":{"rendered":"https:\/\/svkirchzarten.de\/rad\/?p=1391"},"modified":"2025-10-01T09:52:13","modified_gmt":"2025-10-01T07:52:13","slug":"bronze-medaille-bei-deutscher-meisterschaft-fuer-maxi-strittmatter","status":"publish","type":"post","link":"https:\/\/svkirchzarten.de\/rad\/2025\/10\/01\/bronze-medaille-bei-deutscher-meisterschaft-fuer-maxi-strittmatter\/","title":{"rendered":"Bronze-Medaille bei Deutscher Meisterschaft f\u00fcr Maxi Strittmatter"},"content":{"rendered":"[vc_row type=&#8220;in_container&#8220; full_screen_row_position=&#8220;middle&#8220; column_margin=&#8220;default&#8220; column_direction=&#8220;default&#8220; column_direction_tablet=&#8220;default&#8220; column_direction_phone=&#8220;default&#8220; scene_position=&#8220;center&#8220; text_color=&#8220;dark&#8220; text_align=&#8220;left&#8220; row_border_radius=&#8220;none&#8220; row_border_radius_applies=&#8220;bg&#8220; overflow=&#8220;visible&#8220; overlay_strength=&#8220;0.3&#8243; gradient_direction=&#8220;left_to_right&#8220; shape_divider_position=&#8220;bottom&#8220; bg_image_animation=&#8220;none&#8220;][vc_column column_padding=&#8220;no-extra-padding&#8220; column_padding_tablet=&#8220;inherit&#8220; column_padding_phone=&#8220;inherit&#8220; column_padding_position=&#8220;all&#8220; column_element_direction_desktop=&#8220;default&#8220; column_element_spacing=&#8220;default&#8220; desktop_text_alignment=&#8220;default&#8220; tablet_text_alignment=&#8220;default&#8220; phone_text_alignment=&#8220;default&#8220; background_color_opacity=&#8220;1&#8243; background_hover_color_opacity=&#8220;1&#8243; column_backdrop_filter=&#8220;none&#8220; column_shadow=&#8220;none&#8220; column_border_radius=&#8220;none&#8220; column_link_target=&#8220;_self&#8220; column_position=&#8220;default&#8220; gradient_direction=&#8220;left_to_right&#8220; overlay_strength=&#8220;0.3&#8243; width=&#8220;1\/1&#8243; tablet_width_inherit=&#8220;default&#8220; animation_type=&#8220;default&#8220; bg_image_animation=&#8220;none&#8220; border_type=&#8220;simple&#8220; column_border_width=&#8220;none&#8220; column_border_style=&#8220;solid&#8220;][vc_column_text css=&#8220;&#8220; text_direction=&#8220;default&#8220;]Beim letzten Bundesnachwuchssichtungswochenende in Albstadt sicherte sich die f\u00fcr das Lexware Mountainbike Team und den SV Kirchzarten startende Mountainbikerin Maxi Strittmatter den 3. Platz in der Gesamtwertung der Rennserie um die Deutsche Meisterschaft.<\/p>\n<p>Auf dem Downhill-Weltcup-Kurs in Albstadt konnte Maxi trotz eines Sturzes beim Training vor dem Rennen im Slalom den 3. Platz in der U17 weiblich erringen, fuhr dabei sogar in einem der beiden L\u00e4ufe die zweitbeste Zeit. Es war am Samstag nicht sicher, ob sie aufgrund der beim Sturz zugezogenen Handgelenksverletzung \u00fcberhaupt am Sonntag bei XCO-Rennen w\u00fcrde starten k\u00f6nnen.<\/p>\n<p>Trotz der Verletzung nahm sie den technisch wie physisch herausfordernden Weltcup-Kurs unter die R\u00e4der und beendete das Rennen k\u00e4mpferisch als 5. mit einem Zielsprint, den sie knapp gegen die US-Amerikanerin Emma Caudell knapp verlor.<\/p>\n<p>Damit konnte sie die Rennserie komplett machen und erreichte mit 331 Punkten in der Gesamtwertung den 3. Platz und somit die Bronzemedaille. \u201eDas war mein Ziel, am Ende der Saison auf dem Podest zu stehen und es war f\u00fcr mich ein besonderer Moment\u201c res\u00fcmiert die 16 J\u00e4hrige.<\/p>\n<p>Dieser Podestplatz rundet die gute Bikesaison von Maxi ab, nachdem sie im August bereits bei der Jugend-Europameisterschaft in Schweden gute Ergebnisse einfuhr: im Zeitfahren Platz 8, im Shortrace Platz 24 und im Crosscountry Platz 13.<\/p>\n<p>Jetzt hei\u00dft es, die Verletzung auszukurieren und in die Langlaufsaison starten; der n\u00e4chste Winter kommt bestimmt! Denn Maxi liebt die Abwechslung und holt sich \u00fcber den Winter immer die Kondition und Ausdauer beim Langlauftraining und will beim Deutschlandpokal der Langl\u00e4ufer wieder gute Platzierungen einfahren. Und: Sie freut sich dann wieder auf das Fr\u00fchjahr, die neue Bikesaison und darauf, in 2026 in der Juniorinnen-Klasse wieder f\u00fcr das Lexware Mountainbike-Team zu fahren.[\/vc_column_text][\/vc_column][\/vc_row][vc_row type=&#8220;in_container&#8220; full_screen_row_position=&#8220;middle&#8220; column_margin=&#8220;default&#8220; column_direction=&#8220;default&#8220; column_direction_tablet=&#8220;default&#8220; column_direction_phone=&#8220;default&#8220; scene_position=&#8220;center&#8220; text_color=&#8220;dark&#8220; text_align=&#8220;left&#8220; row_border_radius=&#8220;none&#8220; row_border_radius_applies=&#8220;bg&#8220; overflow=&#8220;visible&#8220; overlay_strength=&#8220;0.3&#8243; gradient_direction=&#8220;left_to_right&#8220; shape_divider_position=&#8220;bottom&#8220; bg_image_animation=&#8220;none&#8220;][vc_column column_padding=&#8220;no-extra-padding&#8220; column_padding_tablet=&#8220;inherit&#8220; column_padding_phone=&#8220;inherit&#8220; column_padding_position=&#8220;all&#8220; column_element_direction_desktop=&#8220;default&#8220; column_element_spacing=&#8220;default&#8220; desktop_text_alignment=&#8220;default&#8220; tablet_text_alignment=&#8220;default&#8220; phone_text_alignment=&#8220;default&#8220; background_color_opacity=&#8220;1&#8243; background_hover_color_opacity=&#8220;1&#8243; column_backdrop_filter=&#8220;none&#8220; column_shadow=&#8220;none&#8220; column_border_radius=&#8220;none&#8220; column_link_target=&#8220;_self&#8220; column_position=&#8220;default&#8220; gradient_direction=&#8220;left_to_right&#8220; overlay_strength=&#8220;0.3&#8243; width=&#8220;1\/2&#8243; tablet_width_inherit=&#8220;default&#8220; animation_type=&#8220;default&#8220; bg_image_animation=&#8220;none&#8220; border_type=&#8220;simple&#8220; column_border_width=&#8220;none&#8220; column_border_style=&#8220;solid&#8220;][image_with_animation image_url=&#8220;1393&#8243; image_size=&#8220;large&#8220; max_width=&#8220;100%&#8220; max_width_mobile=&#8220;default&#8220; animation_type=&#8220;entrance&#8220; animation=&#8220;None&#8220; animation_movement_type=&#8220;transform_y&#8220; hover_animation=&#8220;none&#8220; alignment=&#8220;&#8220; border_radius=&#8220;none&#8220; box_shadow=&#8220;none&#8220; image_loading=&#8220;default&#8220;][\/vc_column][vc_column column_padding=&#8220;no-extra-padding&#8220; column_padding_tablet=&#8220;inherit&#8220; column_padding_phone=&#8220;inherit&#8220; column_padding_position=&#8220;all&#8220; column_element_direction_desktop=&#8220;default&#8220; column_element_spacing=&#8220;default&#8220; desktop_text_alignment=&#8220;default&#8220; tablet_text_alignment=&#8220;default&#8220; phone_text_alignment=&#8220;default&#8220; background_color_opacity=&#8220;1&#8243; background_hover_color_opacity=&#8220;1&#8243; column_backdrop_filter=&#8220;none&#8220; column_shadow=&#8220;none&#8220; column_border_radius=&#8220;none&#8220; column_link_target=&#8220;_self&#8220; column_position=&#8220;default&#8220; gradient_direction=&#8220;left_to_right&#8220; overlay_strength=&#8220;0.3&#8243; width=&#8220;1\/2&#8243; tablet_width_inherit=&#8220;default&#8220; animation_type=&#8220;default&#8220; bg_image_animation=&#8220;none&#8220; border_type=&#8220;simple&#8220; column_border_width=&#8220;none&#8220; column_border_style=&#8220;solid&#8220;][image_with_animation image_url=&#8220;1392&#8243; image_size=&#8220;large&#8220; max_width=&#8220;100%&#8220; max_width_mobile=&#8220;default&#8220; animation_type=&#8220;entrance&#8220; animation=&#8220;None&#8220; animation_movement_type=&#8220;transform_y&#8220; hover_animation=&#8220;none&#8220; alignment=&#8220;&#8220; border_radius=&#8220;none&#8220; box_shadow=&#8220;none&#8220; image_loading=&#8220;default&#8220;][\/vc_column][\/vc_row]\n","protected":false},"excerpt":{"rendered":"<p>[vc_row type=&#8220;in_container&#8220; full_screen_row_position=&#8220;middle&#8220; column_margin=&#8220;default&#8220; column_direction=&#8220;default&#8220; column_direction_tablet=&#8220;default&#8220; column_direction_phone=&#8220;default&#8220; scene_position=&#8220;center&#8220; text_color=&#8220;dark&#8220; text_align=&#8220;left&#8220;&#8230;<\/p>\n","protected":false},"author":3,"featured_media":1392,"comment_status":"closed","ping_status":"closed","sticky":false,"template":"","format":"standard","meta":{"footnotes":""},"categories":[4],"tags":[],"class_list":{"0":"post-1391","1":"post","2":"type-post","3":"status-publish","4":"format-standard","5":"has-post-thumbnail","7":"category-bikeschule"},"yoast_head":"<!-- This site is optimized with the Yoast SEO plugin v27.5 - https:\/\/yoast.com\/product\/yoast-seo-wordpress\/ -->\n<title>Bronze-Medaille bei Deutscher Meisterschaft f\u00fcr Maxi Strittmatter | Rad<\/title>\n<meta name=\"robots\" content=\"index, follow, max-snippet:-1, max-image-preview:large, max-video-preview:-1\" \/>\n<link rel=\"canonical\" href=\"https:\/\/svkirchzarten.de\/rad\/2025\/10\/01\/bronze-medaille-bei-deutscher-meisterschaft-fuer-maxi-strittmatter\/\" \/>\n<meta property=\"og:locale\" content=\"de_DE\" \/>\n<meta property=\"og:type\" content=\"article\" \/>\n<meta property=\"og:title\" content=\"Bronze-Medaille bei Deutscher Meisterschaft f\u00fcr Maxi Strittmatter | Rad\" \/>\n<meta property=\"og:description\" content=\"[vc_row type=&#8220;in_container&#8220; full_screen_row_position=&#8220;middle&#8220; column_margin=&#8220;default&#8220; column_direction=&#8220;default&#8220; column_direction_tablet=&#8220;default&#8220; column_direction_phone=&#8220;default&#8220; scene_position=&#8220;center&#8220; text_color=&#8220;dark&#8220; text_align=&#8220;left&#8220;...\" \/>\n<meta property=\"og:url\" content=\"https:\/\/svkirchzarten.de\/rad\/2025\/10\/01\/bronze-medaille-bei-deutscher-meisterschaft-fuer-maxi-strittmatter\/\" \/>\n<meta property=\"og:site_name\" content=\"Rad\" \/>\n<meta property=\"article:publisher\" content=\"https:\/\/www.facebook.com\/svkirchzarten\/\" \/>\n<meta property=\"article:published_time\" content=\"2025-10-01T07:48:16+00:00\" \/>\n<meta property=\"article:modified_time\" content=\"2025-10-01T07:52:13+00:00\" \/>\n<meta property=\"og:image\" content=\"https:\/\/svkirchzarten.de\/rad\/wp-content\/uploads\/sites\/15\/2025\/10\/IMG_2271.jpg\" \/>\n\t<meta property=\"og:image:width\" content=\"2400\" \/>\n\t<meta property=\"og:image:height\" content=\"1600\" \/>\n\t<meta property=\"og:image:type\" content=\"image\/jpeg\" \/>\n<meta name=\"author\" content=\"Christian Kaindl\" \/>\n<meta name=\"twitter:card\" content=\"summary_large_image\" \/>\n<meta name=\"twitter:label1\" content=\"Verfasst von\" \/>\n\t<meta name=\"twitter:data1\" content=\"Christian Kaindl\" \/>\n\t<meta name=\"twitter:label2\" content=\"Gesch\u00e4tzte Lesezeit\" \/>\n\t<meta name=\"twitter:data2\" content=\"3\u00a0Minuten\" \/>\n<script type=\"application\/ld+json\" class=\"yoast-schema-graph\">{\"@context\":\"https:\\\/\\\/schema.org\",\"@graph\":[{\"@type\":\"Article\",\"@id\":\"https:\\\/\\\/svkirchzarten.de\\\/rad\\\/2025\\\/10\\\/01\\\/bronze-medaille-bei-deutscher-meisterschaft-fuer-maxi-strittmatter\\\/#article\",\"isPartOf\":{\"@id\":\"https:\\\/\\\/svkirchzarten.de\\\/rad\\\/2025\\\/10\\\/01\\\/bronze-medaille-bei-deutscher-meisterschaft-fuer-maxi-strittmatter\\\/\"},\"author\":{\"name\":\"Christian Kaindl\",\"@id\":\"https:\\\/\\\/svkirchzarten.de\\\/rad\\\/#\\\/schema\\\/person\\\/80c2f86955ce73e271cd302f7ccd3859\"},\"headline\":\"Bronze-Medaille bei Deutscher Meisterschaft f\u00fcr Maxi Strittmatter\",\"datePublished\":\"2025-10-01T07:48:16+00:00\",\"dateModified\":\"2025-10-01T07:52:13+00:00\",\"mainEntityOfPage\":{\"@id\":\"https:\\\/\\\/svkirchzarten.de\\\/rad\\\/2025\\\/10\\\/01\\\/bronze-medaille-bei-deutscher-meisterschaft-fuer-maxi-strittmatter\\\/\"},\"wordCount\":780,\"publisher\":{\"@id\":\"https:\\\/\\\/svkirchzarten.de\\\/rad\\\/#organization\"},\"image\":{\"@id\":\"https:\\\/\\\/svkirchzarten.de\\\/rad\\\/2025\\\/10\\\/01\\\/bronze-medaille-bei-deutscher-meisterschaft-fuer-maxi-strittmatter\\\/#primaryimage\"},\"thumbnailUrl\":\"https:\\\/\\\/svkirchzarten.de\\\/rad\\\/wp-content\\\/uploads\\\/sites\\\/15\\\/2025\\\/10\\\/IMG_2271.jpg\",\"articleSection\":[\"Bikeschule\"],\"inLanguage\":\"de\"},{\"@type\":\"WebPage\",\"@id\":\"https:\\\/\\\/svkirchzarten.de\\\/rad\\\/2025\\\/10\\\/01\\\/bronze-medaille-bei-deutscher-meisterschaft-fuer-maxi-strittmatter\\\/\",\"url\":\"https:\\\/\\\/svkirchzarten.de\\\/rad\\\/2025\\\/10\\\/01\\\/bronze-medaille-bei-deutscher-meisterschaft-fuer-maxi-strittmatter\\\/\",\"name\":\"Bronze-Medaille bei Deutscher Meisterschaft f\u00fcr Maxi Strittmatter | Rad\",\"isPartOf\":{\"@id\":\"https:\\\/\\\/svkirchzarten.de\\\/rad\\\/#website\"},\"primaryImageOfPage\":{\"@id\":\"https:\\\/\\\/svkirchzarten.de\\\/rad\\\/2025\\\/10\\\/01\\\/bronze-medaille-bei-deutscher-meisterschaft-fuer-maxi-strittmatter\\\/#primaryimage\"},\"image\":{\"@id\":\"https:\\\/\\\/svkirchzarten.de\\\/rad\\\/2025\\\/10\\\/01\\\/bronze-medaille-bei-deutscher-meisterschaft-fuer-maxi-strittmatter\\\/#primaryimage\"},\"thumbnailUrl\":\"https:\\\/\\\/svkirchzarten.de\\\/rad\\\/wp-content\\\/uploads\\\/sites\\\/15\\\/2025\\\/10\\\/IMG_2271.jpg\",\"datePublished\":\"2025-10-01T07:48:16+00:00\",\"dateModified\":\"2025-10-01T07:52:13+00:00\",\"breadcrumb\":{\"@id\":\"https:\\\/\\\/svkirchzarten.de\\\/rad\\\/2025\\\/10\\\/01\\\/bronze-medaille-bei-deutscher-meisterschaft-fuer-maxi-strittmatter\\\/#breadcrumb\"},\"inLanguage\":\"de\",\"potentialAction\":[{\"@type\":\"ReadAction\",\"target\":[\"https:\\\/\\\/svkirchzarten.de\\\/rad\\\/2025\\\/10\\\/01\\\/bronze-medaille-bei-deutscher-meisterschaft-fuer-maxi-strittmatter\\\/\"]}]},{\"@type\":\"ImageObject\",\"inLanguage\":\"de\",\"@id\":\"https:\\\/\\\/svkirchzarten.de\\\/rad\\\/2025\\\/10\\\/01\\\/bronze-medaille-bei-deutscher-meisterschaft-fuer-maxi-strittmatter\\\/#primaryimage\",\"url\":\"https:\\\/\\\/svkirchzarten.de\\\/rad\\\/wp-content\\\/uploads\\\/sites\\\/15\\\/2025\\\/10\\\/IMG_2271.jpg\",\"contentUrl\":\"https:\\\/\\\/svkirchzarten.de\\\/rad\\\/wp-content\\\/uploads\\\/sites\\\/15\\\/2025\\\/10\\\/IMG_2271.jpg\",\"width\":2400,\"height\":1600},{\"@type\":\"BreadcrumbList\",\"@id\":\"https:\\\/\\\/svkirchzarten.de\\\/rad\\\/2025\\\/10\\\/01\\\/bronze-medaille-bei-deutscher-meisterschaft-fuer-maxi-strittmatter\\\/#breadcrumb\",\"itemListElement\":[{\"@type\":\"ListItem\",\"position\":1,\"name\":\"SV Kirchzarten\",\"item\":\"https:\\\/\\\/svkirchzarten.de\\\/rad\\\/\"},{\"@type\":\"ListItem\",\"position\":2,\"name\":\"Bronze-Medaille bei Deutscher Meisterschaft f\u00fcr Maxi Strittmatter\"}]},{\"@type\":\"WebSite\",\"@id\":\"https:\\\/\\\/svkirchzarten.de\\\/rad\\\/#website\",\"url\":\"https:\\\/\\\/svkirchzarten.de\\\/rad\\\/\",\"name\":\"Rad\",\"description\":\"\",\"publisher\":{\"@id\":\"https:\\\/\\\/svkirchzarten.de\\\/rad\\\/#organization\"},\"alternateName\":\"SV Kirchzarten Rad\",\"potentialAction\":[{\"@type\":\"SearchAction\",\"target\":{\"@type\":\"EntryPoint\",\"urlTemplate\":\"https:\\\/\\\/svkirchzarten.de\\\/rad\\\/?s={search_term_string}\"},\"query-input\":{\"@type\":\"PropertyValueSpecification\",\"valueRequired\":true,\"valueName\":\"search_term_string\"}}],\"inLanguage\":\"de\"},{\"@type\":\"Organization\",\"@id\":\"https:\\\/\\\/svkirchzarten.de\\\/rad\\\/#organization\",\"name\":\"Rad\",\"url\":\"https:\\\/\\\/svkirchzarten.de\\\/rad\\\/\",\"logo\":{\"@type\":\"ImageObject\",\"inLanguage\":\"de\",\"@id\":\"https:\\\/\\\/svkirchzarten.de\\\/rad\\\/#\\\/schema\\\/logo\\\/image\\\/\",\"url\":\"https:\\\/\\\/svkirchzarten.de\\\/rad\\\/wp-content\\\/uploads\\\/sites\\\/15\\\/2021\\\/02\\\/sv-kirchzarten-logo.svg\",\"contentUrl\":\"https:\\\/\\\/svkirchzarten.de\\\/rad\\\/wp-content\\\/uploads\\\/sites\\\/15\\\/2021\\\/02\\\/sv-kirchzarten-logo.svg\",\"width\":1,\"height\":1,\"caption\":\"Rad\"},\"image\":{\"@id\":\"https:\\\/\\\/svkirchzarten.de\\\/rad\\\/#\\\/schema\\\/logo\\\/image\\\/\"},\"sameAs\":[\"https:\\\/\\\/www.facebook.com\\\/svkirchzarten\\\/\"]},{\"@type\":\"Person\",\"@id\":\"https:\\\/\\\/svkirchzarten.de\\\/rad\\\/#\\\/schema\\\/person\\\/80c2f86955ce73e271cd302f7ccd3859\",\"name\":\"Christian Kaindl\",\"image\":{\"@type\":\"ImageObject\",\"inLanguage\":\"de\",\"@id\":\"https:\\\/\\\/secure.gravatar.com\\\/avatar\\\/00b03b3ba53f6adb49bbfcbe6facabc62e1e04d2f0f058a4751732f5b8997c03?s=96&d=mm&r=g\",\"url\":\"https:\\\/\\\/secure.gravatar.com\\\/avatar\\\/00b03b3ba53f6adb49bbfcbe6facabc62e1e04d2f0f058a4751732f5b8997c03?s=96&d=mm&r=g\",\"contentUrl\":\"https:\\\/\\\/secure.gravatar.com\\\/avatar\\\/00b03b3ba53f6adb49bbfcbe6facabc62e1e04d2f0f058a4751732f5b8997c03?s=96&d=mm&r=g\",\"caption\":\"Christian Kaindl\"},\"url\":\"https:\\\/\\\/svkirchzarten.de\\\/rad\\\/author\\\/chris\\\/\"}]}<\/script>\n<!-- \/ Yoast SEO plugin. -->","yoast_head_json":{"title":"Bronze-Medaille bei Deutscher Meisterschaft f\u00fcr Maxi Strittmatter | Rad","robots":{"index":"index","follow":"follow","max-snippet":"max-snippet:-1","max-image-preview":"max-image-preview:large","max-video-preview":"max-video-preview:-1"},"canonical":"https:\/\/svkirchzarten.de\/rad\/2025\/10\/01\/bronze-medaille-bei-deutscher-meisterschaft-fuer-maxi-strittmatter\/","og_locale":"de_DE","og_type":"article","og_title":"Bronze-Medaille bei Deutscher Meisterschaft f\u00fcr Maxi Strittmatter | Rad","og_description":"[vc_row type=&#8220;in_container&#8220; full_screen_row_position=&#8220;middle&#8220; column_margin=&#8220;default&#8220; column_direction=&#8220;default&#8220; column_direction_tablet=&#8220;default&#8220; column_direction_phone=&#8220;default&#8220; scene_position=&#8220;center&#8220; text_color=&#8220;dark&#8220; text_align=&#8220;left&#8220;...","og_url":"https:\/\/svkirchzarten.de\/rad\/2025\/10\/01\/bronze-medaille-bei-deutscher-meisterschaft-fuer-maxi-strittmatter\/","og_site_name":"Rad","article_publisher":"https:\/\/www.facebook.com\/svkirchzarten\/","article_published_time":"2025-10-01T07:48:16+00:00","article_modified_time":"2025-10-01T07:52:13+00:00","og_image":[{"width":2400,"height":1600,"url":"https:\/\/svkirchzarten.de\/rad\/wp-content\/uploads\/sites\/15\/2025\/10\/IMG_2271.jpg","type":"image\/jpeg"}],"author":"Christian Kaindl","twitter_card":"summary_large_image","twitter_misc":{"Verfasst von":"Christian Kaindl","Gesch\u00e4tzte Lesezeit":"3\u00a0Minuten"},"schema":{"@context":"https:\/\/schema.org","@graph":[{"@type":"Article","@id":"https:\/\/svkirchzarten.de\/rad\/2025\/10\/01\/bronze-medaille-bei-deutscher-meisterschaft-fuer-maxi-strittmatter\/#article","isPartOf":{"@id":"https:\/\/svkirchzarten.de\/rad\/2025\/10\/01\/bronze-medaille-bei-deutscher-meisterschaft-fuer-maxi-strittmatter\/"},"author":{"name":"Christian Kaindl","@id":"https:\/\/svkirchzarten.de\/rad\/#\/schema\/person\/80c2f86955ce73e271cd302f7ccd3859"},"headline":"Bronze-Medaille bei Deutscher Meisterschaft f\u00fcr Maxi Strittmatter","datePublished":"2025-10-01T07:48:16+00:00","dateModified":"2025-10-01T07:52:13+00:00","mainEntityOfPage":{"@id":"https:\/\/svkirchzarten.de\/rad\/2025\/10\/01\/bronze-medaille-bei-deutscher-meisterschaft-fuer-maxi-strittmatter\/"},"wordCount":780,"publisher":{"@id":"https:\/\/svkirchzarten.de\/rad\/#organization"},"image":{"@id":"https:\/\/svkirchzarten.de\/rad\/2025\/10\/01\/bronze-medaille-bei-deutscher-meisterschaft-fuer-maxi-strittmatter\/#primaryimage"},"thumbnailUrl":"https:\/\/svkirchzarten.de\/rad\/wp-content\/uploads\/sites\/15\/2025\/10\/IMG_2271.jpg","articleSection":["Bikeschule"],"inLanguage":"de"},{"@type":"WebPage","@id":"https:\/\/svkirchzarten.de\/rad\/2025\/10\/01\/bronze-medaille-bei-deutscher-meisterschaft-fuer-maxi-strittmatter\/","url":"https:\/\/svkirchzarten.de\/rad\/2025\/10\/01\/bronze-medaille-bei-deutscher-meisterschaft-fuer-maxi-strittmatter\/","name":"Bronze-Medaille bei Deutscher Meisterschaft f\u00fcr Maxi Strittmatter | Rad","isPartOf":{"@id":"https:\/\/svkirchzarten.de\/rad\/#website"},"primaryImageOfPage":{"@id":"https:\/\/svkirchzarten.de\/rad\/2025\/10\/01\/bronze-medaille-bei-deutscher-meisterschaft-fuer-maxi-strittmatter\/#primaryimage"},"image":{"@id":"https:\/\/svkirchzarten.de\/rad\/2025\/10\/01\/bronze-medaille-bei-deutscher-meisterschaft-fuer-maxi-strittmatter\/#primaryimage"},"thumbnailUrl":"https:\/\/svkirchzarten.de\/rad\/wp-content\/uploads\/sites\/15\/2025\/10\/IMG_2271.jpg","datePublished":"2025-10-01T07:48:16+00:00","dateModified":"2025-10-01T07:52:13+00:00","breadcrumb":{"@id":"https:\/\/svkirchzarten.de\/rad\/2025\/10\/01\/bronze-medaille-bei-deutscher-meisterschaft-fuer-maxi-strittmatter\/#breadcrumb"},"inLanguage":"de","potentialAction":[{"@type":"ReadAction","target":["https:\/\/svkirchzarten.de\/rad\/2025\/10\/01\/bronze-medaille-bei-deutscher-meisterschaft-fuer-maxi-strittmatter\/"]}]},{"@type":"ImageObject","inLanguage":"de","@id":"https:\/\/svkirchzarten.de\/rad\/2025\/10\/01\/bronze-medaille-bei-deutscher-meisterschaft-fuer-maxi-strittmatter\/#primaryimage","url":"https:\/\/svkirchzarten.de\/rad\/wp-content\/uploads\/sites\/15\/2025\/10\/IMG_2271.jpg","contentUrl":"https:\/\/svkirchzarten.de\/rad\/wp-content\/uploads\/sites\/15\/2025\/10\/IMG_2271.jpg","width":2400,"height":1600},{"@type":"BreadcrumbList","@id":"https:\/\/svkirchzarten.de\/rad\/2025\/10\/01\/bronze-medaille-bei-deutscher-meisterschaft-fuer-maxi-strittmatter\/#breadcrumb","itemListElement":[{"@type":"ListItem","position":1,"name":"SV Kirchzarten","item":"https:\/\/svkirchzarten.de\/rad\/"},{"@type":"ListItem","position":2,"name":"Bronze-Medaille bei Deutscher Meisterschaft f\u00fcr Maxi Strittmatter"}]},{"@type":"WebSite","@id":"https:\/\/svkirchzarten.de\/rad\/#website","url":"https:\/\/svkirchzarten.de\/rad\/","name":"Rad","description":"","publisher":{"@id":"https:\/\/svkirchzarten.de\/rad\/#organization"},"alternateName":"SV Kirchzarten Rad","potentialAction":[{"@type":"SearchAction","target":{"@type":"EntryPoint","urlTemplate":"https:\/\/svkirchzarten.de\/rad\/?s={search_term_string}"},"query-input":{"@type":"PropertyValueSpecification","valueRequired":true,"valueName":"search_term_string"}}],"inLanguage":"de"},{"@type":"Organization","@id":"https:\/\/svkirchzarten.de\/rad\/#organization","name":"Rad","url":"https:\/\/svkirchzarten.de\/rad\/","logo":{"@type":"ImageObject","inLanguage":"de","@id":"https:\/\/svkirchzarten.de\/rad\/#\/schema\/logo\/image\/","url":"https:\/\/svkirchzarten.de\/rad\/wp-content\/uploads\/sites\/15\/2021\/02\/sv-kirchzarten-logo.svg","contentUrl":"https:\/\/svkirchzarten.de\/rad\/wp-content\/uploads\/sites\/15\/2021\/02\/sv-kirchzarten-logo.svg","width":1,"height":1,"caption":"Rad"},"image":{"@id":"https:\/\/svkirchzarten.de\/rad\/#\/schema\/logo\/image\/"},"sameAs":["https:\/\/www.facebook.com\/svkirchzarten\/"]},{"@type":"Person","@id":"https:\/\/svkirchzarten.de\/rad\/#\/schema\/person\/80c2f86955ce73e271cd302f7ccd3859","name":"Christian Kaindl","image":{"@type":"ImageObject","inLanguage":"de","@id":"https:\/\/secure.gravatar.com\/avatar\/00b03b3ba53f6adb49bbfcbe6facabc62e1e04d2f0f058a4751732f5b8997c03?s=96&d=mm&r=g","url":"https:\/\/secure.gravatar.com\/avatar\/00b03b3ba53f6adb49bbfcbe6facabc62e1e04d2f0f058a4751732f5b8997c03?s=96&d=mm&r=g","contentUrl":"https:\/\/secure.gravatar.com\/avatar\/00b03b3ba53f6adb49bbfcbe6facabc62e1e04d2f0f058a4751732f5b8997c03?s=96&d=mm&r=g","caption":"Christian Kaindl"},"url":"https:\/\/svkirchzarten.de\/rad\/author\/chris\/"}]}},"publishpress_future_action":{"enabled":false,"date":"2026-05-08 13:20:50","action":"change-status","newStatus":"draft","terms":[],"taxonomy":"category","extraData":[]},"publishpress_future_workflow_manual_trigger":{"enabledWorkflows":[]},"_links":{"self":[{"href":"https:\/\/svkirchzarten.de\/rad\/wp-json\/wp\/v2\/posts\/1391","targetHints":{"allow":["GET"]}}],"collection":[{"href":"https:\/\/svkirchzarten.de\/rad\/wp-json\/wp\/v2\/posts"}],"about":[{"href":"https:\/\/svkirchzarten.de\/rad\/wp-json\/wp\/v2\/types\/post"}],"author":[{"embeddable":true,"href":"https:\/\/svkirchzarten.de\/rad\/wp-json\/wp\/v2\/users\/3"}],"replies":[{"embeddable":true,"href":"https:\/\/svkirchzarten.de\/rad\/wp-json\/wp\/v2\/comments?post=1391"}],"version-history":[{"count":1,"href":"https:\/\/svkirchzarten.de\/rad\/wp-json\/wp\/v2\/posts\/1391\/revisions"}],"predecessor-version":[{"id":1394,"href":"https:\/\/svkirchzarten.de\/rad\/wp-json\/wp\/v2\/posts\/1391\/revisions\/1394"}],"wp:featuredmedia":[{"embeddable":true,"href":"https:\/\/svkirchzarten.de\/rad\/wp-json\/wp\/v2\/media\/1392"}],"wp:attachment":[{"href":"https:\/\/svkirchzarten.de\/rad\/wp-json\/wp\/v2\/media?parent=1391"}],"wp:term":[{"taxonomy":"category","embeddable":true,"href":"https:\/\/svkirchzarten.de\/rad\/wp-json\/wp\/v2\/categories?post=1391"},{"taxonomy":"post_tag","embeddable":true,"href":"https:\/\/svkirchzarten.de\/rad\/wp-json\/wp\/v2\/tags?post=1391"}],"curies":[{"name":"wp","href":"https:\/\/api.w.org\/{rel}","templated":true}]}}