{"id":178,"date":"2025-02-17T09:43:06","date_gmt":"2025-02-17T08:43:06","guid":{"rendered":"https:\/\/svkirchzarten.de\/parasport\/?p=178"},"modified":"2025-07-10T13:43:30","modified_gmt":"2025-07-10T11:43:30","slug":"ganz-nach-shakespeares-geschmack","status":"publish","type":"post","link":"https:\/\/svkirchzarten.de\/parasport\/2025\/02\/17\/ganz-nach-shakespeares-geschmack\/","title":{"rendered":"Ganz nach Shakespeares Geschmack"},"content":{"rendered":"[vc_row type=&#8220;in_container&#8220; full_screen_row_position=&#8220;middle&#8220; column_margin=&#8220;default&#8220; column_direction=&#8220;default&#8220; column_direction_tablet=&#8220;default&#8220; column_direction_phone=&#8220;default&#8220; scene_position=&#8220;center&#8220; text_color=&#8220;dark&#8220; text_align=&#8220;left&#8220; row_border_radius=&#8220;none&#8220; row_border_radius_applies=&#8220;bg&#8220; overflow=&#8220;visible&#8220; overlay_strength=&#8220;0.3&#8243; gradient_direction=&#8220;left_to_right&#8220; shape_divider_position=&#8220;bottom&#8220; bg_image_animation=&#8220;none&#8220;][vc_column column_padding=&#8220;no-extra-padding&#8220; column_padding_tablet=&#8220;inherit&#8220; column_padding_phone=&#8220;inherit&#8220; column_padding_position=&#8220;all&#8220; column_element_direction_desktop=&#8220;default&#8220; column_element_spacing=&#8220;default&#8220; desktop_text_alignment=&#8220;default&#8220; tablet_text_alignment=&#8220;default&#8220; phone_text_alignment=&#8220;default&#8220; background_color_opacity=&#8220;1&#8243; background_hover_color_opacity=&#8220;1&#8243; column_backdrop_filter=&#8220;none&#8220; column_shadow=&#8220;none&#8220; column_border_radius=&#8220;none&#8220; column_link_target=&#8220;_self&#8220; column_position=&#8220;default&#8220; gradient_direction=&#8220;left_to_right&#8220; overlay_strength=&#8220;0.3&#8243; width=&#8220;1\/1&#8243; tablet_width_inherit=&#8220;default&#8220; animation_type=&#8220;default&#8220; bg_image_animation=&#8220;none&#8220; border_type=&#8220;simple&#8220; column_border_width=&#8220;none&#8220; column_border_style=&#8220;solid&#8220;][vc_column_text css=&#8220;&#8220; text_direction=&#8220;default&#8220;]Die deutschen 4&#215;2,5 Kilometer-Staffeln holen bei der Para Skilanglauf-WM in Toblach (Italien) Silber und Bronze. Die offene Staffel kann ihren Triumph aus \u00d6stersund 2023 nicht wiederholen und freut sich trotzdem. Marco Maier f\u00fchrt das Mixed-Team in einem dramatischen Finish aufs Podium.<\/p>\n<p>Sie gingen als Titelverteidiger an den Start und mussten sich am Ende in einer Zeit von 27:52.0 Minuten mit Silber hinter Norwegen (27:26.3 Minuten) und vor China (28:49.4 Minuten) begn\u00fcgen. Die Entt\u00e4uschung beim deutschen Team der offenen Staffel mit Nico Messinger (Ring der K\u00f6rperbehinderten Freiburg, mit Guide Robin Wunderle), Leonie Walter (SC St. Peter, mit Guide Christian Winker), Sebastian Marburger (SK Wunderthausen) und Lennart Volkert (PSV M\u00fcnchen, mit Guide Nils Kolb) hielt sich in Grenzen. \u201eNat\u00fcrlich hast du als Titelverteidiger besondere Erwartungen. Aber Silber ist v\u00f6llig okay. Wir m\u00fcssen akzeptieren, dass Norwegen heute einen Tick besser war\u201c, sagte der Bundestrainer Ralf Rombach.<\/p>\n<p>Zu verdanken hatten das die Skandinavier in erster Linie ihrem Routinier Kjartan Haugen. Der zweifache Paralympics-Champion \u00fcbernahm beide Klassisch-Runden eins und drei und zeigte sich nach Rombachs Urteil \u201ebrutal stark\u201c. Nach Runde eins \u00fcbergab er als Zweiter hinter Shuang Yu aus China 0,4 Sekunden vor dem Franzosen Benjamin Daviet und 1,6 Sekunden vor Messinger, der gern vor Haugen geblieben w\u00e4re.<\/p>\n<p>Vor der Schlussrunde hielt Haugen Marburger in Schach. Er schickte seinen Teamkameraden Thomas Oxaal mit knapp neun Sekunden Vorsprung vor Volkert ins Rennen, der noch mal alles probierte, an Oxaal ranlief \u2013 und dann doch abrei\u00dfen lassen musste. \u201eZwei Drittel meiner Runde haben sich sehr gut angef\u00fchlt. Dann hat es mir den Stecker gezogen\u201c, berichtete der 21-J\u00e4hrige und f\u00fcgte hinzu: \u201eSilber ist trotzdem sehr cool.\u201c<\/p>\n<p><strong>Drei Staffeln innerhalb von zwei Sekunden<\/strong><\/p>\n<p><strong>\u00a0<\/strong>Und die deutsche Mannschaft durfte am Donnerstagvormittag in S\u00fcdtirol doppelt jubeln. Die Hoffnung, dass beide Staffeln stark genug f\u00fcr eine Medaille sein w\u00fcrden, ging auf. Das Mixed brachte f\u00fcr Anja Wicker (MTV Stuttgart), Johanna Recktenwald (Biathlon-Team Saarland, mit Guide Michael Huhn), Alexander Ehler und Marco Maier (beide SV Kirchzarten) Bronze \u2013 in einem Rennen, von dem der Bundestrainer sagte: \u201eDie Dramaturgie h\u00e4tte Shakespeare nicht besser schreiben k\u00f6nnen\u201c.<\/p>\n<p>Die Goldmedaillen-Gewinnerin des Vortags, Anja Wicker, machte als sitzende Startl\u00e4uferin den schwierigen Auftakt im Get\u00fcmmel und \u00fcbergab als Siebte auf Recktenwald und Huhn, die den Abstand auf die Medaillenr\u00e4nge verk\u00fcrzten. Alexander Ehler schickte Marco Maier als Vierter auf die Schlussrunde. Der 25- J\u00e4hrige musste zwar den US-Amerikaner Jake Adicoff vorbei lassen, er selbst aber schnappte sich in der letzten Abfahrt vor dem Ziel Xiaobin Liu aus China und kurz darauf Natalie Wilkie aus Kanada. \u201eIch wusste von Anfang an, dass es richtig, richtig eng wird. Auf der Zielgerade konnte ich zum Gl\u00fcck schon ein bisschen rausnehmen. Es hat gro\u00dfen Spa\u00df gemacht\u201c, sagte er. Gold ging an die Ukraine (28:26.4 Minuten) vor den USA (28:33.9 Minuten). Die deutsche Staffel kam auf eine Zeit von 28:42.6 Minuten, China folgte eine Sekunde dahinter, Kanada weitere 0,6 Sekunden sp\u00e4ter auf Rang f\u00fcnf.<\/p>\n<p>\u201eMarco hat eine fulminante Schlussrunde hingelegt. Aber auch alle anderen haben sich sehr gut verkauft. Es war heute insgesamt in beiden Staffeln wieder eine starke Teamleistung\u201c, sagte Rombach und schloss dabei explizit das Wachser-Team und Christian Winker als eingesprungenen Ersatz-Guide ein. Johanna Recktenwald brachte die Bedeutung einer Staffel-Medaille gut auf den Punkt: \u201eIch bin megazufrieden mit meiner Laufleistung und gl\u00fccklich, ein Teil der Staffel sein zu d\u00fcrfen, am Ende anzufeuern und auch beim anderen Team mitzufiebern.\u201c<\/p>\n<p>&nbsp;<\/p>\n<p>Benjamin Schieler<\/p>\n<p><em>\u00a0<\/em>[\/vc_column_text][\/vc_column][\/vc_row][vc_row type=&#8220;in_container&#8220; full_screen_row_position=&#8220;middle&#8220; column_margin=&#8220;default&#8220; column_direction=&#8220;default&#8220; column_direction_tablet=&#8220;default&#8220; column_direction_phone=&#8220;default&#8220; scene_position=&#8220;center&#8220; text_color=&#8220;dark&#8220; text_align=&#8220;left&#8220; row_border_radius=&#8220;none&#8220; row_border_radius_applies=&#8220;bg&#8220; overflow=&#8220;visible&#8220; overlay_strength=&#8220;0.3&#8243; gradient_direction=&#8220;left_to_right&#8220; shape_divider_position=&#8220;bottom&#8220; bg_image_animation=&#8220;none&#8220;][vc_column column_padding=&#8220;no-extra-padding&#8220; column_padding_tablet=&#8220;inherit&#8220; column_padding_phone=&#8220;inherit&#8220; column_padding_position=&#8220;all&#8220; column_element_direction_desktop=&#8220;default&#8220; column_element_spacing=&#8220;default&#8220; desktop_text_alignment=&#8220;default&#8220; tablet_text_alignment=&#8220;default&#8220; phone_text_alignment=&#8220;default&#8220; background_color_opacity=&#8220;1&#8243; background_hover_color_opacity=&#8220;1&#8243; column_backdrop_filter=&#8220;none&#8220; column_shadow=&#8220;none&#8220; column_border_radius=&#8220;none&#8220; column_link_target=&#8220;_self&#8220; column_position=&#8220;default&#8220; gradient_direction=&#8220;left_to_right&#8220; overlay_strength=&#8220;0.3&#8243; width=&#8220;1\/1&#8243; tablet_width_inherit=&#8220;default&#8220; animation_type=&#8220;default&#8220; bg_image_animation=&#8220;none&#8220; border_type=&#8220;simple&#8220; column_border_width=&#8220;none&#8220; column_border_style=&#8220;solid&#8220;][image_with_animation image_url=&#8220;179&#8243; image_size=&#8220;medium_large&#8220; animation_type=&#8220;entrance&#8220; animation=&#8220;None&#8220; animation_movement_type=&#8220;transform_y&#8220; hover_animation=&#8220;none&#8220; alignment=&#8220;&#8220; img_link_large=&#8220;yes&#8220; border_radius=&#8220;none&#8220; box_shadow=&#8220;none&#8220; image_loading=&#8220;default&#8220; max_width=&#8220;100%&#8220; max_width_mobile=&#8220;default&#8220;][image_with_animation image_url=&#8220;180&#8243; image_size=&#8220;medium_large&#8220; animation_type=&#8220;entrance&#8220; animation=&#8220;None&#8220; animation_movement_type=&#8220;transform_y&#8220; hover_animation=&#8220;none&#8220; alignment=&#8220;&#8220; img_link_large=&#8220;yes&#8220; border_radius=&#8220;none&#8220; box_shadow=&#8220;none&#8220; image_loading=&#8220;default&#8220; max_width=&#8220;100%&#8220; max_width_mobile=&#8220;default&#8220;][vc_column_text css=&#8220;&#8220; text_direction=&#8220;default&#8220;]<strong>Foto: Marcus Hartmann \/ Gate3 Photo Agency<\/strong>[\/vc_column_text][\/vc_column][\/vc_row]\n","protected":false},"excerpt":{"rendered":"<p>[vc_row type=&#8220;in_container&#8220; full_screen_row_position=&#8220;middle&#8220; column_margin=&#8220;default&#8220; column_direction=&#8220;default&#8220; column_direction_tablet=&#8220;default&#8220; column_direction_phone=&#8220;default&#8220; scene_position=&#8220;center&#8220; text_color=&#8220;dark&#8220; text_align=&#8220;left&#8220;&#8230;<\/p>\n","protected":false},"author":3,"featured_media":179,"comment_status":"closed","ping_status":"closed","sticky":false,"template":"","format":"standard","meta":{"footnotes":""},"categories":[1],"tags":[],"class_list":{"0":"post-178","1":"post","2":"type-post","3":"status-publish","4":"format-standard","5":"has-post-thumbnail","7":"category-allgemein"},"yoast_head":"<!-- This site is optimized with the Yoast SEO plugin v27.4 - https:\/\/yoast.com\/product\/yoast-seo-wordpress\/ -->\n<title>Ganz nach Shakespeares Geschmack - Parasport<\/title>\n<meta name=\"robots\" content=\"index, follow, max-snippet:-1, max-image-preview:large, max-video-preview:-1\" \/>\n<link rel=\"canonical\" href=\"https:\/\/svkirchzarten.de\/parasport\/2025\/02\/17\/ganz-nach-shakespeares-geschmack\/\" \/>\n<meta property=\"og:locale\" content=\"de_DE\" \/>\n<meta property=\"og:type\" content=\"article\" \/>\n<meta property=\"og:title\" content=\"Ganz nach Shakespeares Geschmack - Parasport\" \/>\n<meta property=\"og:description\" content=\"[vc_row type=&#8220;in_container&#8220; full_screen_row_position=&#8220;middle&#8220; column_margin=&#8220;default&#8220; column_direction=&#8220;default&#8220; column_direction_tablet=&#8220;default&#8220; column_direction_phone=&#8220;default&#8220; scene_position=&#8220;center&#8220; text_color=&#8220;dark&#8220; text_align=&#8220;left&#8220;...\" \/>\n<meta property=\"og:url\" content=\"https:\/\/svkirchzarten.de\/parasport\/2025\/02\/17\/ganz-nach-shakespeares-geschmack\/\" \/>\n<meta property=\"og:site_name\" content=\"Parasport\" \/>\n<meta property=\"article:published_time\" content=\"2025-02-17T08:43:06+00:00\" \/>\n<meta property=\"article:modified_time\" content=\"2025-07-10T11:43:30+00:00\" \/>\n<meta property=\"og:image\" content=\"https:\/\/svkirchzarten.de\/parasport\/wp-content\/uploads\/sites\/28\/2025\/02\/Silber-Staffel-Toblach-scaled.jpg\" \/>\n\t<meta property=\"og:image:width\" content=\"2560\" \/>\n\t<meta property=\"og:image:height\" content=\"1707\" \/>\n\t<meta property=\"og:image:type\" content=\"image\/jpeg\" \/>\n<meta name=\"author\" content=\"Christian Kaindl\" \/>\n<meta name=\"twitter:card\" content=\"summary_large_image\" \/>\n<meta name=\"twitter:label1\" content=\"Verfasst von\" \/>\n\t<meta name=\"twitter:data1\" content=\"Christian Kaindl\" \/>\n\t<meta name=\"twitter:label2\" content=\"Gesch\u00e4tzte Lesezeit\" \/>\n\t<meta name=\"twitter:data2\" content=\"4\u00a0Minuten\" \/>\n<script type=\"application\/ld+json\" class=\"yoast-schema-graph\">{\"@context\":\"https:\\\/\\\/schema.org\",\"@graph\":[{\"@type\":\"Article\",\"@id\":\"https:\\\/\\\/svkirchzarten.de\\\/parasport\\\/2025\\\/02\\\/17\\\/ganz-nach-shakespeares-geschmack\\\/#article\",\"isPartOf\":{\"@id\":\"https:\\\/\\\/svkirchzarten.de\\\/parasport\\\/2025\\\/02\\\/17\\\/ganz-nach-shakespeares-geschmack\\\/\"},\"author\":{\"name\":\"Christian Kaindl\",\"@id\":\"https:\\\/\\\/svkirchzarten.de\\\/parasport\\\/#\\\/schema\\\/person\\\/80c2f86955ce73e271cd302f7ccd3859\"},\"headline\":\"Ganz nach Shakespeares Geschmack\",\"datePublished\":\"2025-02-17T08:43:06+00:00\",\"dateModified\":\"2025-07-10T11:43:30+00:00\",\"mainEntityOfPage\":{\"@id\":\"https:\\\/\\\/svkirchzarten.de\\\/parasport\\\/2025\\\/02\\\/17\\\/ganz-nach-shakespeares-geschmack\\\/\"},\"wordCount\":1002,\"publisher\":{\"@id\":\"https:\\\/\\\/svkirchzarten.de\\\/parasport\\\/#organization\"},\"image\":{\"@id\":\"https:\\\/\\\/svkirchzarten.de\\\/parasport\\\/2025\\\/02\\\/17\\\/ganz-nach-shakespeares-geschmack\\\/#primaryimage\"},\"thumbnailUrl\":\"https:\\\/\\\/svkirchzarten.de\\\/parasport\\\/wp-content\\\/uploads\\\/sites\\\/28\\\/2025\\\/02\\\/Silber-Staffel-Toblach-scaled.jpg\",\"inLanguage\":\"de\"},{\"@type\":\"WebPage\",\"@id\":\"https:\\\/\\\/svkirchzarten.de\\\/parasport\\\/2025\\\/02\\\/17\\\/ganz-nach-shakespeares-geschmack\\\/\",\"url\":\"https:\\\/\\\/svkirchzarten.de\\\/parasport\\\/2025\\\/02\\\/17\\\/ganz-nach-shakespeares-geschmack\\\/\",\"name\":\"Ganz nach Shakespeares Geschmack - Parasport\",\"isPartOf\":{\"@id\":\"https:\\\/\\\/svkirchzarten.de\\\/parasport\\\/#website\"},\"primaryImageOfPage\":{\"@id\":\"https:\\\/\\\/svkirchzarten.de\\\/parasport\\\/2025\\\/02\\\/17\\\/ganz-nach-shakespeares-geschmack\\\/#primaryimage\"},\"image\":{\"@id\":\"https:\\\/\\\/svkirchzarten.de\\\/parasport\\\/2025\\\/02\\\/17\\\/ganz-nach-shakespeares-geschmack\\\/#primaryimage\"},\"thumbnailUrl\":\"https:\\\/\\\/svkirchzarten.de\\\/parasport\\\/wp-content\\\/uploads\\\/sites\\\/28\\\/2025\\\/02\\\/Silber-Staffel-Toblach-scaled.jpg\",\"datePublished\":\"2025-02-17T08:43:06+00:00\",\"dateModified\":\"2025-07-10T11:43:30+00:00\",\"breadcrumb\":{\"@id\":\"https:\\\/\\\/svkirchzarten.de\\\/parasport\\\/2025\\\/02\\\/17\\\/ganz-nach-shakespeares-geschmack\\\/#breadcrumb\"},\"inLanguage\":\"de\",\"potentialAction\":[{\"@type\":\"ReadAction\",\"target\":[\"https:\\\/\\\/svkirchzarten.de\\\/parasport\\\/2025\\\/02\\\/17\\\/ganz-nach-shakespeares-geschmack\\\/\"]}]},{\"@type\":\"ImageObject\",\"inLanguage\":\"de\",\"@id\":\"https:\\\/\\\/svkirchzarten.de\\\/parasport\\\/2025\\\/02\\\/17\\\/ganz-nach-shakespeares-geschmack\\\/#primaryimage\",\"url\":\"https:\\\/\\\/svkirchzarten.de\\\/parasport\\\/wp-content\\\/uploads\\\/sites\\\/28\\\/2025\\\/02\\\/Silber-Staffel-Toblach-scaled.jpg\",\"contentUrl\":\"https:\\\/\\\/svkirchzarten.de\\\/parasport\\\/wp-content\\\/uploads\\\/sites\\\/28\\\/2025\\\/02\\\/Silber-Staffel-Toblach-scaled.jpg\",\"width\":2560,\"height\":1707,\"caption\":\"FIS Para Cross-Country World Championships Toblach 2025, Team Germany Licensed to Verein zur F\u00f6rderung Para Ski nordisch e.V. Editorial usage only (Photo by Marcus Hartmann)\"},{\"@type\":\"BreadcrumbList\",\"@id\":\"https:\\\/\\\/svkirchzarten.de\\\/parasport\\\/2025\\\/02\\\/17\\\/ganz-nach-shakespeares-geschmack\\\/#breadcrumb\",\"itemListElement\":[{\"@type\":\"ListItem\",\"position\":1,\"name\":\"Startseite\",\"item\":\"https:\\\/\\\/svkirchzarten.de\\\/parasport\\\/\"},{\"@type\":\"ListItem\",\"position\":2,\"name\":\"Ganz nach Shakespeares Geschmack\"}]},{\"@type\":\"WebSite\",\"@id\":\"https:\\\/\\\/svkirchzarten.de\\\/parasport\\\/#website\",\"url\":\"https:\\\/\\\/svkirchzarten.de\\\/parasport\\\/\",\"name\":\"SV Kirchzarten - Parasport\",\"description\":\"Die Abteilung Parasport beim SVK stellt sich vor.\",\"publisher\":{\"@id\":\"https:\\\/\\\/svkirchzarten.de\\\/parasport\\\/#organization\"},\"potentialAction\":[{\"@type\":\"SearchAction\",\"target\":{\"@type\":\"EntryPoint\",\"urlTemplate\":\"https:\\\/\\\/svkirchzarten.de\\\/parasport\\\/?s={search_term_string}\"},\"query-input\":{\"@type\":\"PropertyValueSpecification\",\"valueRequired\":true,\"valueName\":\"search_term_string\"}}],\"inLanguage\":\"de\"},{\"@type\":\"Organization\",\"@id\":\"https:\\\/\\\/svkirchzarten.de\\\/parasport\\\/#organization\",\"name\":\"Parasport\",\"url\":\"https:\\\/\\\/svkirchzarten.de\\\/parasport\\\/\",\"logo\":{\"@type\":\"ImageObject\",\"inLanguage\":\"de\",\"@id\":\"https:\\\/\\\/svkirchzarten.de\\\/parasport\\\/#\\\/schema\\\/logo\\\/image\\\/\",\"url\":\"https:\\\/\\\/svkirchzarten.de\\\/parasport\\\/wp-content\\\/uploads\\\/sites\\\/28\\\/2024\\\/03\\\/cropped-SVKirchzarten-FavIcon.png\",\"contentUrl\":\"https:\\\/\\\/svkirchzarten.de\\\/parasport\\\/wp-content\\\/uploads\\\/sites\\\/28\\\/2024\\\/03\\\/cropped-SVKirchzarten-FavIcon.png\",\"width\":512,\"height\":512,\"caption\":\"Parasport\"},\"image\":{\"@id\":\"https:\\\/\\\/svkirchzarten.de\\\/parasport\\\/#\\\/schema\\\/logo\\\/image\\\/\"}},{\"@type\":\"Person\",\"@id\":\"https:\\\/\\\/svkirchzarten.de\\\/parasport\\\/#\\\/schema\\\/person\\\/80c2f86955ce73e271cd302f7ccd3859\",\"name\":\"Christian Kaindl\",\"image\":{\"@type\":\"ImageObject\",\"inLanguage\":\"de\",\"@id\":\"https:\\\/\\\/secure.gravatar.com\\\/avatar\\\/00b03b3ba53f6adb49bbfcbe6facabc62e1e04d2f0f058a4751732f5b8997c03?s=96&d=mm&r=g\",\"url\":\"https:\\\/\\\/secure.gravatar.com\\\/avatar\\\/00b03b3ba53f6adb49bbfcbe6facabc62e1e04d2f0f058a4751732f5b8997c03?s=96&d=mm&r=g\",\"contentUrl\":\"https:\\\/\\\/secure.gravatar.com\\\/avatar\\\/00b03b3ba53f6adb49bbfcbe6facabc62e1e04d2f0f058a4751732f5b8997c03?s=96&d=mm&r=g\",\"caption\":\"Christian Kaindl\"},\"url\":\"https:\\\/\\\/svkirchzarten.de\\\/parasport\\\/author\\\/chris\\\/\"}]}<\/script>\n<!-- \/ Yoast SEO plugin. -->","yoast_head_json":{"title":"Ganz nach Shakespeares Geschmack - Parasport","robots":{"index":"index","follow":"follow","max-snippet":"max-snippet:-1","max-image-preview":"max-image-preview:large","max-video-preview":"max-video-preview:-1"},"canonical":"https:\/\/svkirchzarten.de\/parasport\/2025\/02\/17\/ganz-nach-shakespeares-geschmack\/","og_locale":"de_DE","og_type":"article","og_title":"Ganz nach Shakespeares Geschmack - Parasport","og_description":"[vc_row type=&#8220;in_container&#8220; full_screen_row_position=&#8220;middle&#8220; column_margin=&#8220;default&#8220; column_direction=&#8220;default&#8220; column_direction_tablet=&#8220;default&#8220; column_direction_phone=&#8220;default&#8220; scene_position=&#8220;center&#8220; text_color=&#8220;dark&#8220; text_align=&#8220;left&#8220;...","og_url":"https:\/\/svkirchzarten.de\/parasport\/2025\/02\/17\/ganz-nach-shakespeares-geschmack\/","og_site_name":"Parasport","article_published_time":"2025-02-17T08:43:06+00:00","article_modified_time":"2025-07-10T11:43:30+00:00","og_image":[{"width":2560,"height":1707,"url":"https:\/\/svkirchzarten.de\/parasport\/wp-content\/uploads\/sites\/28\/2025\/02\/Silber-Staffel-Toblach-scaled.jpg","type":"image\/jpeg"}],"author":"Christian Kaindl","twitter_card":"summary_large_image","twitter_misc":{"Verfasst von":"Christian Kaindl","Gesch\u00e4tzte Lesezeit":"4\u00a0Minuten"},"schema":{"@context":"https:\/\/schema.org","@graph":[{"@type":"Article","@id":"https:\/\/svkirchzarten.de\/parasport\/2025\/02\/17\/ganz-nach-shakespeares-geschmack\/#article","isPartOf":{"@id":"https:\/\/svkirchzarten.de\/parasport\/2025\/02\/17\/ganz-nach-shakespeares-geschmack\/"},"author":{"name":"Christian Kaindl","@id":"https:\/\/svkirchzarten.de\/parasport\/#\/schema\/person\/80c2f86955ce73e271cd302f7ccd3859"},"headline":"Ganz nach Shakespeares Geschmack","datePublished":"2025-02-17T08:43:06+00:00","dateModified":"2025-07-10T11:43:30+00:00","mainEntityOfPage":{"@id":"https:\/\/svkirchzarten.de\/parasport\/2025\/02\/17\/ganz-nach-shakespeares-geschmack\/"},"wordCount":1002,"publisher":{"@id":"https:\/\/svkirchzarten.de\/parasport\/#organization"},"image":{"@id":"https:\/\/svkirchzarten.de\/parasport\/2025\/02\/17\/ganz-nach-shakespeares-geschmack\/#primaryimage"},"thumbnailUrl":"https:\/\/svkirchzarten.de\/parasport\/wp-content\/uploads\/sites\/28\/2025\/02\/Silber-Staffel-Toblach-scaled.jpg","inLanguage":"de"},{"@type":"WebPage","@id":"https:\/\/svkirchzarten.de\/parasport\/2025\/02\/17\/ganz-nach-shakespeares-geschmack\/","url":"https:\/\/svkirchzarten.de\/parasport\/2025\/02\/17\/ganz-nach-shakespeares-geschmack\/","name":"Ganz nach Shakespeares Geschmack - Parasport","isPartOf":{"@id":"https:\/\/svkirchzarten.de\/parasport\/#website"},"primaryImageOfPage":{"@id":"https:\/\/svkirchzarten.de\/parasport\/2025\/02\/17\/ganz-nach-shakespeares-geschmack\/#primaryimage"},"image":{"@id":"https:\/\/svkirchzarten.de\/parasport\/2025\/02\/17\/ganz-nach-shakespeares-geschmack\/#primaryimage"},"thumbnailUrl":"https:\/\/svkirchzarten.de\/parasport\/wp-content\/uploads\/sites\/28\/2025\/02\/Silber-Staffel-Toblach-scaled.jpg","datePublished":"2025-02-17T08:43:06+00:00","dateModified":"2025-07-10T11:43:30+00:00","breadcrumb":{"@id":"https:\/\/svkirchzarten.de\/parasport\/2025\/02\/17\/ganz-nach-shakespeares-geschmack\/#breadcrumb"},"inLanguage":"de","potentialAction":[{"@type":"ReadAction","target":["https:\/\/svkirchzarten.de\/parasport\/2025\/02\/17\/ganz-nach-shakespeares-geschmack\/"]}]},{"@type":"ImageObject","inLanguage":"de","@id":"https:\/\/svkirchzarten.de\/parasport\/2025\/02\/17\/ganz-nach-shakespeares-geschmack\/#primaryimage","url":"https:\/\/svkirchzarten.de\/parasport\/wp-content\/uploads\/sites\/28\/2025\/02\/Silber-Staffel-Toblach-scaled.jpg","contentUrl":"https:\/\/svkirchzarten.de\/parasport\/wp-content\/uploads\/sites\/28\/2025\/02\/Silber-Staffel-Toblach-scaled.jpg","width":2560,"height":1707,"caption":"FIS Para Cross-Country World Championships Toblach 2025, Team Germany Licensed to Verein zur F\u00f6rderung Para Ski nordisch e.V. Editorial usage only (Photo by Marcus Hartmann)"},{"@type":"BreadcrumbList","@id":"https:\/\/svkirchzarten.de\/parasport\/2025\/02\/17\/ganz-nach-shakespeares-geschmack\/#breadcrumb","itemListElement":[{"@type":"ListItem","position":1,"name":"Startseite","item":"https:\/\/svkirchzarten.de\/parasport\/"},{"@type":"ListItem","position":2,"name":"Ganz nach Shakespeares Geschmack"}]},{"@type":"WebSite","@id":"https:\/\/svkirchzarten.de\/parasport\/#website","url":"https:\/\/svkirchzarten.de\/parasport\/","name":"SV Kirchzarten - Parasport","description":"Die Abteilung Parasport beim SVK stellt sich vor.","publisher":{"@id":"https:\/\/svkirchzarten.de\/parasport\/#organization"},"potentialAction":[{"@type":"SearchAction","target":{"@type":"EntryPoint","urlTemplate":"https:\/\/svkirchzarten.de\/parasport\/?s={search_term_string}"},"query-input":{"@type":"PropertyValueSpecification","valueRequired":true,"valueName":"search_term_string"}}],"inLanguage":"de"},{"@type":"Organization","@id":"https:\/\/svkirchzarten.de\/parasport\/#organization","name":"Parasport","url":"https:\/\/svkirchzarten.de\/parasport\/","logo":{"@type":"ImageObject","inLanguage":"de","@id":"https:\/\/svkirchzarten.de\/parasport\/#\/schema\/logo\/image\/","url":"https:\/\/svkirchzarten.de\/parasport\/wp-content\/uploads\/sites\/28\/2024\/03\/cropped-SVKirchzarten-FavIcon.png","contentUrl":"https:\/\/svkirchzarten.de\/parasport\/wp-content\/uploads\/sites\/28\/2024\/03\/cropped-SVKirchzarten-FavIcon.png","width":512,"height":512,"caption":"Parasport"},"image":{"@id":"https:\/\/svkirchzarten.de\/parasport\/#\/schema\/logo\/image\/"}},{"@type":"Person","@id":"https:\/\/svkirchzarten.de\/parasport\/#\/schema\/person\/80c2f86955ce73e271cd302f7ccd3859","name":"Christian Kaindl","image":{"@type":"ImageObject","inLanguage":"de","@id":"https:\/\/secure.gravatar.com\/avatar\/00b03b3ba53f6adb49bbfcbe6facabc62e1e04d2f0f058a4751732f5b8997c03?s=96&d=mm&r=g","url":"https:\/\/secure.gravatar.com\/avatar\/00b03b3ba53f6adb49bbfcbe6facabc62e1e04d2f0f058a4751732f5b8997c03?s=96&d=mm&r=g","contentUrl":"https:\/\/secure.gravatar.com\/avatar\/00b03b3ba53f6adb49bbfcbe6facabc62e1e04d2f0f058a4751732f5b8997c03?s=96&d=mm&r=g","caption":"Christian Kaindl"},"url":"https:\/\/svkirchzarten.de\/parasport\/author\/chris\/"}]}},"publishpress_future_action":{"enabled":false,"date":"2026-05-02 10:24:55","action":"change-status","newStatus":"draft","terms":[],"taxonomy":"category","extraData":[]},"publishpress_future_workflow_manual_trigger":{"enabledWorkflows":[]},"_links":{"self":[{"href":"https:\/\/svkirchzarten.de\/parasport\/wp-json\/wp\/v2\/posts\/178","targetHints":{"allow":["GET"]}}],"collection":[{"href":"https:\/\/svkirchzarten.de\/parasport\/wp-json\/wp\/v2\/posts"}],"about":[{"href":"https:\/\/svkirchzarten.de\/parasport\/wp-json\/wp\/v2\/types\/post"}],"author":[{"embeddable":true,"href":"https:\/\/svkirchzarten.de\/parasport\/wp-json\/wp\/v2\/users\/3"}],"replies":[{"embeddable":true,"href":"https:\/\/svkirchzarten.de\/parasport\/wp-json\/wp\/v2\/comments?post=178"}],"version-history":[{"count":1,"href":"https:\/\/svkirchzarten.de\/parasport\/wp-json\/wp\/v2\/posts\/178\/revisions"}],"predecessor-version":[{"id":181,"href":"https:\/\/svkirchzarten.de\/parasport\/wp-json\/wp\/v2\/posts\/178\/revisions\/181"}],"wp:featuredmedia":[{"embeddable":true,"href":"https:\/\/svkirchzarten.de\/parasport\/wp-json\/wp\/v2\/media\/179"}],"wp:attachment":[{"href":"https:\/\/svkirchzarten.de\/parasport\/wp-json\/wp\/v2\/media?parent=178"}],"wp:term":[{"taxonomy":"category","embeddable":true,"href":"https:\/\/svkirchzarten.de\/parasport\/wp-json\/wp\/v2\/categories?post=178"},{"taxonomy":"post_tag","embeddable":true,"href":"https:\/\/svkirchzarten.de\/parasport\/wp-json\/wp\/v2\/tags?post=178"}],"curies":[{"name":"wp","href":"https:\/\/api.w.org\/{rel}","templated":true}]}}