{"id":171,"date":"2025-02-07T08:51:06","date_gmt":"2025-02-07T07:51:06","guid":{"rendered":"https:\/\/svkirchzarten.de\/parasport\/?p=171"},"modified":"2025-07-10T13:43:30","modified_gmt":"2025-07-10T11:43:30","slug":"starker-start-in-traumkulisse","status":"publish","type":"post","link":"https:\/\/svkirchzarten.de\/parasport\/2025\/02\/07\/starker-start-in-traumkulisse\/","title":{"rendered":"Starker Start in Traumkulisse"},"content":{"rendered":"[vc_row type=&#8220;in_container&#8220; full_screen_row_position=&#8220;middle&#8220; column_margin=&#8220;default&#8220; column_direction=&#8220;default&#8220; column_direction_tablet=&#8220;default&#8220; column_direction_phone=&#8220;default&#8220; scene_position=&#8220;center&#8220; text_color=&#8220;dark&#8220; text_align=&#8220;left&#8220; row_border_radius=&#8220;none&#8220; row_border_radius_applies=&#8220;bg&#8220; overflow=&#8220;visible&#8220; overlay_strength=&#8220;0.3&#8243; gradient_direction=&#8220;left_to_right&#8220; shape_divider_position=&#8220;bottom&#8220; bg_image_animation=&#8220;none&#8220;][vc_column column_padding=&#8220;no-extra-padding&#8220; column_padding_tablet=&#8220;inherit&#8220; column_padding_phone=&#8220;inherit&#8220; column_padding_position=&#8220;all&#8220; column_element_direction_desktop=&#8220;default&#8220; column_element_spacing=&#8220;default&#8220; desktop_text_alignment=&#8220;default&#8220; tablet_text_alignment=&#8220;default&#8220; phone_text_alignment=&#8220;default&#8220; background_color_opacity=&#8220;1&#8243; background_hover_color_opacity=&#8220;1&#8243; column_backdrop_filter=&#8220;none&#8220; column_shadow=&#8220;none&#8220; column_border_radius=&#8220;none&#8220; column_link_target=&#8220;_self&#8220; column_position=&#8220;default&#8220; gradient_direction=&#8220;left_to_right&#8220; overlay_strength=&#8220;0.3&#8243; width=&#8220;1\/1&#8243; tablet_width_inherit=&#8220;default&#8220; animation_type=&#8220;default&#8220; bg_image_animation=&#8220;none&#8220; border_type=&#8220;simple&#8220; column_border_width=&#8220;none&#8220; column_border_style=&#8220;solid&#8220;][vc_column_text css=&#8220;&#8220; text_direction=&#8220;default&#8220;]Am ersten Tag der Para Biathlon-Weltmeisterschaften im slowenischen Pokljuka holt die deutsche Mannschaft im Sprint \u00fcber 7,5 Kilometer vier Medaillen. Leonie Walter gewinnt bei den Frauen mit Sehbeeintr\u00e4chtigung Gold vor Johanna Recktenwald. Auch Anja Wicker und Marco Maier laufen zu Silber.<\/p>\n<p>Es war eine Demonstration von Form und St\u00e4rke. Leonie Walter (SC St. Peter) hat zum Auftakt der Para Biathlon-WM die erste Goldmedaille f\u00fcr das deutsche Team besorgt. &#8222;Mir war vor allem klar, dass ich mir am Schie\u00dfstand keine Fehler erlauben darf&#8220;, sagte die 21-J\u00e4hrige. Das gelang ihr im Gegensatz zu ihrer sch\u00e4rfsten Konkurrentin in diesem Winter, Yue Wang aus China. Die musste dreimal in die Strafrunde und hatte am Ende als Dritte mehr als zwei Minuten R\u00fcckstand auf Walter, an deren Seite Michael Huhn den erkrankten Christian Krasman als Guide ersetzte.<\/p>\n<p>Keine Fehler am Schie\u00dfstand dieses Ziel hatte sich auch Johanna Recktenwald (Biathlon-Team Saarland, mit Begleitl\u00e4uferin Emily Wei\u00df) gesetzt. Zwar \u00e4rgerte sich die 23-J\u00e4hrige etwas dar\u00fcber dass ich beim zweiten Schie\u00dfen viel Zeit liegen gelassen habe&#8220;. Doch am Ende standen die Null und eine \u00fcberraschende Silbermedaille bei traumhaften Bedingungen in w\u00fcrdiger Atmosph\u00e4re.\u00a0 &#8222;Pokljuka kannten wir bisher nur aus dem Fernsehen. Das Wetter war toll, der Schneesuper. Dzu die Medaille. Ich bin happy.&#8220;<\/p>\n<p><strong>Sekundenentscheidung zwischen Maier und Arendz<\/strong><\/p>\n<p>Bei den M\u00e4nnern in der stehenden Klasse verpasste Marco Maier (SV Kirchzarten) eine zweite deutsche Goldmedaille nur um 1,2 Sekunden. Auch der 25-j\u00e4hrige Allg\u00e4uer blieb am Schie\u00dfstand fehlerlos, im Gegensatz zu Mark Arendz aus Kanada, der einmal patzte. Doch der l\u00e4uferisch \u00fcberragende 34-J\u00e4hrige war<br \/>\nangegangen und habe mich am Schie\u00dfstand gut gef\u00fchlt. Leider hat es nicht ganz gereicht. Mir ist am Ende etwas die Puste ausgegangen. Aber Platz zwei ist sehr gut&#8220;, kommetierte Maier.<\/p>\n<p>Benjamin Schieler[\/vc_column_text][\/vc_column][\/vc_row][vc_row type=&#8220;in_container&#8220; full_screen_row_position=&#8220;middle&#8220; column_margin=&#8220;default&#8220; column_direction=&#8220;default&#8220; column_direction_tablet=&#8220;default&#8220; column_direction_phone=&#8220;default&#8220; scene_position=&#8220;center&#8220; text_color=&#8220;dark&#8220; text_align=&#8220;left&#8220; row_border_radius=&#8220;none&#8220; row_border_radius_applies=&#8220;bg&#8220; overflow=&#8220;visible&#8220; overlay_strength=&#8220;0.3&#8243; gradient_direction=&#8220;left_to_right&#8220; shape_divider_position=&#8220;bottom&#8220; bg_image_animation=&#8220;none&#8220;][vc_column column_padding=&#8220;no-extra-padding&#8220; column_padding_tablet=&#8220;inherit&#8220; column_padding_phone=&#8220;inherit&#8220; column_padding_position=&#8220;all&#8220; column_element_direction_desktop=&#8220;default&#8220; column_element_spacing=&#8220;default&#8220; desktop_text_alignment=&#8220;default&#8220; tablet_text_alignment=&#8220;default&#8220; phone_text_alignment=&#8220;default&#8220; background_color_opacity=&#8220;1&#8243; background_hover_color_opacity=&#8220;1&#8243; column_backdrop_filter=&#8220;none&#8220; column_shadow=&#8220;none&#8220; column_border_radius=&#8220;none&#8220; column_link_target=&#8220;_self&#8220; column_position=&#8220;default&#8220; gradient_direction=&#8220;left_to_right&#8220; overlay_strength=&#8220;0.3&#8243; width=&#8220;1\/1&#8243; tablet_width_inherit=&#8220;default&#8220; animation_type=&#8220;default&#8220; bg_image_animation=&#8220;none&#8220; border_type=&#8220;simple&#8220; column_border_width=&#8220;none&#8220; column_border_style=&#8220;solid&#8220;][image_with_animation image_url=&#8220;172&#8243; image_size=&#8220;medium_large&#8220; animation_type=&#8220;entrance&#8220; animation=&#8220;None&#8220; animation_movement_type=&#8220;transform_y&#8220; hover_animation=&#8220;none&#8220; alignment=&#8220;&#8220; img_link_large=&#8220;yes&#8220; border_radius=&#8220;none&#8220; box_shadow=&#8220;none&#8220; image_loading=&#8220;default&#8220; max_width=&#8220;100%&#8220; max_width_mobile=&#8220;default&#8220;][vc_column_text css=&#8220;&#8220; text_direction=&#8220;default&#8220;]Das Foto zeigt Leonie Walter (ganz links) und ihren Ersatz-Guide Michael Huhn sowie Johanna Recktenwald und ihre Begleitl\u00e4uferin Emily Wei\u00df im Ziel.<\/p>\n<p><strong>Foto: Ralf Kuckuck \/ DBS<\/strong>[\/vc_column_text][\/vc_column][\/vc_row]\n","protected":false},"excerpt":{"rendered":"<p>[vc_row type=&#8220;in_container&#8220; full_screen_row_position=&#8220;middle&#8220; column_margin=&#8220;default&#8220; column_direction=&#8220;default&#8220; column_direction_tablet=&#8220;default&#8220; column_direction_phone=&#8220;default&#8220; scene_position=&#8220;center&#8220; text_color=&#8220;dark&#8220; text_align=&#8220;left&#8220;&#8230;<\/p>\n","protected":false},"author":3,"featured_media":172,"comment_status":"closed","ping_status":"closed","sticky":false,"template":"","format":"standard","meta":{"footnotes":""},"categories":[1],"tags":[],"class_list":{"0":"post-171","1":"post","2":"type-post","3":"status-publish","4":"format-standard","5":"has-post-thumbnail","7":"category-allgemein"},"yoast_head":"<!-- This site is optimized with the Yoast SEO plugin v27.4 - https:\/\/yoast.com\/product\/yoast-seo-wordpress\/ -->\n<title>Starker Start in Traumkulisse - Parasport<\/title>\n<meta name=\"robots\" content=\"index, follow, max-snippet:-1, max-image-preview:large, max-video-preview:-1\" \/>\n<link rel=\"canonical\" href=\"https:\/\/svkirchzarten.de\/parasport\/2025\/02\/07\/starker-start-in-traumkulisse\/\" \/>\n<meta property=\"og:locale\" content=\"de_DE\" \/>\n<meta property=\"og:type\" content=\"article\" \/>\n<meta property=\"og:title\" content=\"Starker Start in Traumkulisse - Parasport\" \/>\n<meta property=\"og:description\" content=\"[vc_row type=&#8220;in_container&#8220; full_screen_row_position=&#8220;middle&#8220; column_margin=&#8220;default&#8220; column_direction=&#8220;default&#8220; column_direction_tablet=&#8220;default&#8220; column_direction_phone=&#8220;default&#8220; scene_position=&#8220;center&#8220; text_color=&#8220;dark&#8220; text_align=&#8220;left&#8220;...\" \/>\n<meta property=\"og:url\" content=\"https:\/\/svkirchzarten.de\/parasport\/2025\/02\/07\/starker-start-in-traumkulisse\/\" \/>\n<meta property=\"og:site_name\" content=\"Parasport\" \/>\n<meta property=\"article:published_time\" content=\"2025-02-07T07:51:06+00:00\" \/>\n<meta property=\"article:modified_time\" content=\"2025-07-10T11:43:30+00:00\" \/>\n<meta property=\"og:image\" content=\"https:\/\/svkirchzarten.de\/parasport\/wp-content\/uploads\/sites\/28\/2025\/02\/20250206-131521-IBU-Para-Biathlon-WC-007969-rku-scaled.jpg\" \/>\n\t<meta property=\"og:image:width\" content=\"2560\" \/>\n\t<meta property=\"og:image:height\" content=\"1707\" \/>\n\t<meta property=\"og:image:type\" content=\"image\/jpeg\" \/>\n<meta name=\"author\" content=\"Christian Kaindl\" \/>\n<meta name=\"twitter:card\" content=\"summary_large_image\" \/>\n<meta name=\"twitter:label1\" content=\"Verfasst von\" \/>\n\t<meta name=\"twitter:data1\" content=\"Christian Kaindl\" \/>\n\t<meta name=\"twitter:label2\" content=\"Gesch\u00e4tzte Lesezeit\" \/>\n\t<meta name=\"twitter:data2\" content=\"3\u00a0Minuten\" \/>\n<script type=\"application\/ld+json\" class=\"yoast-schema-graph\">{\"@context\":\"https:\\\/\\\/schema.org\",\"@graph\":[{\"@type\":\"Article\",\"@id\":\"https:\\\/\\\/svkirchzarten.de\\\/parasport\\\/2025\\\/02\\\/07\\\/starker-start-in-traumkulisse\\\/#article\",\"isPartOf\":{\"@id\":\"https:\\\/\\\/svkirchzarten.de\\\/parasport\\\/2025\\\/02\\\/07\\\/starker-start-in-traumkulisse\\\/\"},\"author\":{\"name\":\"Christian Kaindl\",\"@id\":\"https:\\\/\\\/svkirchzarten.de\\\/parasport\\\/#\\\/schema\\\/person\\\/80c2f86955ce73e271cd302f7ccd3859\"},\"headline\":\"Starker Start in Traumkulisse\",\"datePublished\":\"2025-02-07T07:51:06+00:00\",\"dateModified\":\"2025-07-10T11:43:30+00:00\",\"mainEntityOfPage\":{\"@id\":\"https:\\\/\\\/svkirchzarten.de\\\/parasport\\\/2025\\\/02\\\/07\\\/starker-start-in-traumkulisse\\\/\"},\"wordCount\":709,\"publisher\":{\"@id\":\"https:\\\/\\\/svkirchzarten.de\\\/parasport\\\/#organization\"},\"image\":{\"@id\":\"https:\\\/\\\/svkirchzarten.de\\\/parasport\\\/2025\\\/02\\\/07\\\/starker-start-in-traumkulisse\\\/#primaryimage\"},\"thumbnailUrl\":\"https:\\\/\\\/svkirchzarten.de\\\/parasport\\\/wp-content\\\/uploads\\\/sites\\\/28\\\/2025\\\/02\\\/20250206-131521-IBU-Para-Biathlon-WC-007969-rku-scaled.jpg\",\"inLanguage\":\"de\"},{\"@type\":\"WebPage\",\"@id\":\"https:\\\/\\\/svkirchzarten.de\\\/parasport\\\/2025\\\/02\\\/07\\\/starker-start-in-traumkulisse\\\/\",\"url\":\"https:\\\/\\\/svkirchzarten.de\\\/parasport\\\/2025\\\/02\\\/07\\\/starker-start-in-traumkulisse\\\/\",\"name\":\"Starker Start in Traumkulisse - Parasport\",\"isPartOf\":{\"@id\":\"https:\\\/\\\/svkirchzarten.de\\\/parasport\\\/#website\"},\"primaryImageOfPage\":{\"@id\":\"https:\\\/\\\/svkirchzarten.de\\\/parasport\\\/2025\\\/02\\\/07\\\/starker-start-in-traumkulisse\\\/#primaryimage\"},\"image\":{\"@id\":\"https:\\\/\\\/svkirchzarten.de\\\/parasport\\\/2025\\\/02\\\/07\\\/starker-start-in-traumkulisse\\\/#primaryimage\"},\"thumbnailUrl\":\"https:\\\/\\\/svkirchzarten.de\\\/parasport\\\/wp-content\\\/uploads\\\/sites\\\/28\\\/2025\\\/02\\\/20250206-131521-IBU-Para-Biathlon-WC-007969-rku-scaled.jpg\",\"datePublished\":\"2025-02-07T07:51:06+00:00\",\"dateModified\":\"2025-07-10T11:43:30+00:00\",\"breadcrumb\":{\"@id\":\"https:\\\/\\\/svkirchzarten.de\\\/parasport\\\/2025\\\/02\\\/07\\\/starker-start-in-traumkulisse\\\/#breadcrumb\"},\"inLanguage\":\"de\",\"potentialAction\":[{\"@type\":\"ReadAction\",\"target\":[\"https:\\\/\\\/svkirchzarten.de\\\/parasport\\\/2025\\\/02\\\/07\\\/starker-start-in-traumkulisse\\\/\"]}]},{\"@type\":\"ImageObject\",\"inLanguage\":\"de\",\"@id\":\"https:\\\/\\\/svkirchzarten.de\\\/parasport\\\/2025\\\/02\\\/07\\\/starker-start-in-traumkulisse\\\/#primaryimage\",\"url\":\"https:\\\/\\\/svkirchzarten.de\\\/parasport\\\/wp-content\\\/uploads\\\/sites\\\/28\\\/2025\\\/02\\\/20250206-131521-IBU-Para-Biathlon-WC-007969-rku-scaled.jpg\",\"contentUrl\":\"https:\\\/\\\/svkirchzarten.de\\\/parasport\\\/wp-content\\\/uploads\\\/sites\\\/28\\\/2025\\\/02\\\/20250206-131521-IBU-Para-Biathlon-WC-007969-rku-scaled.jpg\",\"width\":2560,\"height\":1707,\"caption\":\"IBU PARA BIATHLON WORLD CHAMPIONSHIPS \\\/ POKLJUKA 2025 Thursday, 06. February 2025 Impressions of Credit: Ralf Kuckuck\"},{\"@type\":\"BreadcrumbList\",\"@id\":\"https:\\\/\\\/svkirchzarten.de\\\/parasport\\\/2025\\\/02\\\/07\\\/starker-start-in-traumkulisse\\\/#breadcrumb\",\"itemListElement\":[{\"@type\":\"ListItem\",\"position\":1,\"name\":\"Startseite\",\"item\":\"https:\\\/\\\/svkirchzarten.de\\\/parasport\\\/\"},{\"@type\":\"ListItem\",\"position\":2,\"name\":\"Starker Start in Traumkulisse\"}]},{\"@type\":\"WebSite\",\"@id\":\"https:\\\/\\\/svkirchzarten.de\\\/parasport\\\/#website\",\"url\":\"https:\\\/\\\/svkirchzarten.de\\\/parasport\\\/\",\"name\":\"SV Kirchzarten - Parasport\",\"description\":\"Die Abteilung Parasport beim SVK stellt sich vor.\",\"publisher\":{\"@id\":\"https:\\\/\\\/svkirchzarten.de\\\/parasport\\\/#organization\"},\"potentialAction\":[{\"@type\":\"SearchAction\",\"target\":{\"@type\":\"EntryPoint\",\"urlTemplate\":\"https:\\\/\\\/svkirchzarten.de\\\/parasport\\\/?s={search_term_string}\"},\"query-input\":{\"@type\":\"PropertyValueSpecification\",\"valueRequired\":true,\"valueName\":\"search_term_string\"}}],\"inLanguage\":\"de\"},{\"@type\":\"Organization\",\"@id\":\"https:\\\/\\\/svkirchzarten.de\\\/parasport\\\/#organization\",\"name\":\"Parasport\",\"url\":\"https:\\\/\\\/svkirchzarten.de\\\/parasport\\\/\",\"logo\":{\"@type\":\"ImageObject\",\"inLanguage\":\"de\",\"@id\":\"https:\\\/\\\/svkirchzarten.de\\\/parasport\\\/#\\\/schema\\\/logo\\\/image\\\/\",\"url\":\"https:\\\/\\\/svkirchzarten.de\\\/parasport\\\/wp-content\\\/uploads\\\/sites\\\/28\\\/2024\\\/03\\\/cropped-SVKirchzarten-FavIcon.png\",\"contentUrl\":\"https:\\\/\\\/svkirchzarten.de\\\/parasport\\\/wp-content\\\/uploads\\\/sites\\\/28\\\/2024\\\/03\\\/cropped-SVKirchzarten-FavIcon.png\",\"width\":512,\"height\":512,\"caption\":\"Parasport\"},\"image\":{\"@id\":\"https:\\\/\\\/svkirchzarten.de\\\/parasport\\\/#\\\/schema\\\/logo\\\/image\\\/\"}},{\"@type\":\"Person\",\"@id\":\"https:\\\/\\\/svkirchzarten.de\\\/parasport\\\/#\\\/schema\\\/person\\\/80c2f86955ce73e271cd302f7ccd3859\",\"name\":\"Christian Kaindl\",\"image\":{\"@type\":\"ImageObject\",\"inLanguage\":\"de\",\"@id\":\"https:\\\/\\\/secure.gravatar.com\\\/avatar\\\/00b03b3ba53f6adb49bbfcbe6facabc62e1e04d2f0f058a4751732f5b8997c03?s=96&d=mm&r=g\",\"url\":\"https:\\\/\\\/secure.gravatar.com\\\/avatar\\\/00b03b3ba53f6adb49bbfcbe6facabc62e1e04d2f0f058a4751732f5b8997c03?s=96&d=mm&r=g\",\"contentUrl\":\"https:\\\/\\\/secure.gravatar.com\\\/avatar\\\/00b03b3ba53f6adb49bbfcbe6facabc62e1e04d2f0f058a4751732f5b8997c03?s=96&d=mm&r=g\",\"caption\":\"Christian Kaindl\"},\"url\":\"https:\\\/\\\/svkirchzarten.de\\\/parasport\\\/author\\\/chris\\\/\"}]}<\/script>\n<!-- \/ Yoast SEO plugin. -->","yoast_head_json":{"title":"Starker Start in Traumkulisse - Parasport","robots":{"index":"index","follow":"follow","max-snippet":"max-snippet:-1","max-image-preview":"max-image-preview:large","max-video-preview":"max-video-preview:-1"},"canonical":"https:\/\/svkirchzarten.de\/parasport\/2025\/02\/07\/starker-start-in-traumkulisse\/","og_locale":"de_DE","og_type":"article","og_title":"Starker Start in Traumkulisse - Parasport","og_description":"[vc_row type=&#8220;in_container&#8220; full_screen_row_position=&#8220;middle&#8220; column_margin=&#8220;default&#8220; column_direction=&#8220;default&#8220; column_direction_tablet=&#8220;default&#8220; column_direction_phone=&#8220;default&#8220; scene_position=&#8220;center&#8220; text_color=&#8220;dark&#8220; text_align=&#8220;left&#8220;...","og_url":"https:\/\/svkirchzarten.de\/parasport\/2025\/02\/07\/starker-start-in-traumkulisse\/","og_site_name":"Parasport","article_published_time":"2025-02-07T07:51:06+00:00","article_modified_time":"2025-07-10T11:43:30+00:00","og_image":[{"width":2560,"height":1707,"url":"https:\/\/svkirchzarten.de\/parasport\/wp-content\/uploads\/sites\/28\/2025\/02\/20250206-131521-IBU-Para-Biathlon-WC-007969-rku-scaled.jpg","type":"image\/jpeg"}],"author":"Christian Kaindl","twitter_card":"summary_large_image","twitter_misc":{"Verfasst von":"Christian Kaindl","Gesch\u00e4tzte Lesezeit":"3\u00a0Minuten"},"schema":{"@context":"https:\/\/schema.org","@graph":[{"@type":"Article","@id":"https:\/\/svkirchzarten.de\/parasport\/2025\/02\/07\/starker-start-in-traumkulisse\/#article","isPartOf":{"@id":"https:\/\/svkirchzarten.de\/parasport\/2025\/02\/07\/starker-start-in-traumkulisse\/"},"author":{"name":"Christian Kaindl","@id":"https:\/\/svkirchzarten.de\/parasport\/#\/schema\/person\/80c2f86955ce73e271cd302f7ccd3859"},"headline":"Starker Start in Traumkulisse","datePublished":"2025-02-07T07:51:06+00:00","dateModified":"2025-07-10T11:43:30+00:00","mainEntityOfPage":{"@id":"https:\/\/svkirchzarten.de\/parasport\/2025\/02\/07\/starker-start-in-traumkulisse\/"},"wordCount":709,"publisher":{"@id":"https:\/\/svkirchzarten.de\/parasport\/#organization"},"image":{"@id":"https:\/\/svkirchzarten.de\/parasport\/2025\/02\/07\/starker-start-in-traumkulisse\/#primaryimage"},"thumbnailUrl":"https:\/\/svkirchzarten.de\/parasport\/wp-content\/uploads\/sites\/28\/2025\/02\/20250206-131521-IBU-Para-Biathlon-WC-007969-rku-scaled.jpg","inLanguage":"de"},{"@type":"WebPage","@id":"https:\/\/svkirchzarten.de\/parasport\/2025\/02\/07\/starker-start-in-traumkulisse\/","url":"https:\/\/svkirchzarten.de\/parasport\/2025\/02\/07\/starker-start-in-traumkulisse\/","name":"Starker Start in Traumkulisse - Parasport","isPartOf":{"@id":"https:\/\/svkirchzarten.de\/parasport\/#website"},"primaryImageOfPage":{"@id":"https:\/\/svkirchzarten.de\/parasport\/2025\/02\/07\/starker-start-in-traumkulisse\/#primaryimage"},"image":{"@id":"https:\/\/svkirchzarten.de\/parasport\/2025\/02\/07\/starker-start-in-traumkulisse\/#primaryimage"},"thumbnailUrl":"https:\/\/svkirchzarten.de\/parasport\/wp-content\/uploads\/sites\/28\/2025\/02\/20250206-131521-IBU-Para-Biathlon-WC-007969-rku-scaled.jpg","datePublished":"2025-02-07T07:51:06+00:00","dateModified":"2025-07-10T11:43:30+00:00","breadcrumb":{"@id":"https:\/\/svkirchzarten.de\/parasport\/2025\/02\/07\/starker-start-in-traumkulisse\/#breadcrumb"},"inLanguage":"de","potentialAction":[{"@type":"ReadAction","target":["https:\/\/svkirchzarten.de\/parasport\/2025\/02\/07\/starker-start-in-traumkulisse\/"]}]},{"@type":"ImageObject","inLanguage":"de","@id":"https:\/\/svkirchzarten.de\/parasport\/2025\/02\/07\/starker-start-in-traumkulisse\/#primaryimage","url":"https:\/\/svkirchzarten.de\/parasport\/wp-content\/uploads\/sites\/28\/2025\/02\/20250206-131521-IBU-Para-Biathlon-WC-007969-rku-scaled.jpg","contentUrl":"https:\/\/svkirchzarten.de\/parasport\/wp-content\/uploads\/sites\/28\/2025\/02\/20250206-131521-IBU-Para-Biathlon-WC-007969-rku-scaled.jpg","width":2560,"height":1707,"caption":"IBU PARA BIATHLON WORLD CHAMPIONSHIPS \/ POKLJUKA 2025 Thursday, 06. February 2025 Impressions of Credit: Ralf Kuckuck"},{"@type":"BreadcrumbList","@id":"https:\/\/svkirchzarten.de\/parasport\/2025\/02\/07\/starker-start-in-traumkulisse\/#breadcrumb","itemListElement":[{"@type":"ListItem","position":1,"name":"Startseite","item":"https:\/\/svkirchzarten.de\/parasport\/"},{"@type":"ListItem","position":2,"name":"Starker Start in Traumkulisse"}]},{"@type":"WebSite","@id":"https:\/\/svkirchzarten.de\/parasport\/#website","url":"https:\/\/svkirchzarten.de\/parasport\/","name":"SV Kirchzarten - Parasport","description":"Die Abteilung Parasport beim SVK stellt sich vor.","publisher":{"@id":"https:\/\/svkirchzarten.de\/parasport\/#organization"},"potentialAction":[{"@type":"SearchAction","target":{"@type":"EntryPoint","urlTemplate":"https:\/\/svkirchzarten.de\/parasport\/?s={search_term_string}"},"query-input":{"@type":"PropertyValueSpecification","valueRequired":true,"valueName":"search_term_string"}}],"inLanguage":"de"},{"@type":"Organization","@id":"https:\/\/svkirchzarten.de\/parasport\/#organization","name":"Parasport","url":"https:\/\/svkirchzarten.de\/parasport\/","logo":{"@type":"ImageObject","inLanguage":"de","@id":"https:\/\/svkirchzarten.de\/parasport\/#\/schema\/logo\/image\/","url":"https:\/\/svkirchzarten.de\/parasport\/wp-content\/uploads\/sites\/28\/2024\/03\/cropped-SVKirchzarten-FavIcon.png","contentUrl":"https:\/\/svkirchzarten.de\/parasport\/wp-content\/uploads\/sites\/28\/2024\/03\/cropped-SVKirchzarten-FavIcon.png","width":512,"height":512,"caption":"Parasport"},"image":{"@id":"https:\/\/svkirchzarten.de\/parasport\/#\/schema\/logo\/image\/"}},{"@type":"Person","@id":"https:\/\/svkirchzarten.de\/parasport\/#\/schema\/person\/80c2f86955ce73e271cd302f7ccd3859","name":"Christian Kaindl","image":{"@type":"ImageObject","inLanguage":"de","@id":"https:\/\/secure.gravatar.com\/avatar\/00b03b3ba53f6adb49bbfcbe6facabc62e1e04d2f0f058a4751732f5b8997c03?s=96&d=mm&r=g","url":"https:\/\/secure.gravatar.com\/avatar\/00b03b3ba53f6adb49bbfcbe6facabc62e1e04d2f0f058a4751732f5b8997c03?s=96&d=mm&r=g","contentUrl":"https:\/\/secure.gravatar.com\/avatar\/00b03b3ba53f6adb49bbfcbe6facabc62e1e04d2f0f058a4751732f5b8997c03?s=96&d=mm&r=g","caption":"Christian Kaindl"},"url":"https:\/\/svkirchzarten.de\/parasport\/author\/chris\/"}]}},"publishpress_future_action":{"enabled":false,"date":"2026-05-02 12:13:19","action":"change-status","newStatus":"draft","terms":[],"taxonomy":"category","extraData":[]},"publishpress_future_workflow_manual_trigger":{"enabledWorkflows":[]},"_links":{"self":[{"href":"https:\/\/svkirchzarten.de\/parasport\/wp-json\/wp\/v2\/posts\/171","targetHints":{"allow":["GET"]}}],"collection":[{"href":"https:\/\/svkirchzarten.de\/parasport\/wp-json\/wp\/v2\/posts"}],"about":[{"href":"https:\/\/svkirchzarten.de\/parasport\/wp-json\/wp\/v2\/types\/post"}],"author":[{"embeddable":true,"href":"https:\/\/svkirchzarten.de\/parasport\/wp-json\/wp\/v2\/users\/3"}],"replies":[{"embeddable":true,"href":"https:\/\/svkirchzarten.de\/parasport\/wp-json\/wp\/v2\/comments?post=171"}],"version-history":[{"count":1,"href":"https:\/\/svkirchzarten.de\/parasport\/wp-json\/wp\/v2\/posts\/171\/revisions"}],"predecessor-version":[{"id":173,"href":"https:\/\/svkirchzarten.de\/parasport\/wp-json\/wp\/v2\/posts\/171\/revisions\/173"}],"wp:featuredmedia":[{"embeddable":true,"href":"https:\/\/svkirchzarten.de\/parasport\/wp-json\/wp\/v2\/media\/172"}],"wp:attachment":[{"href":"https:\/\/svkirchzarten.de\/parasport\/wp-json\/wp\/v2\/media?parent=171"}],"wp:term":[{"taxonomy":"category","embeddable":true,"href":"https:\/\/svkirchzarten.de\/parasport\/wp-json\/wp\/v2\/categories?post=171"},{"taxonomy":"post_tag","embeddable":true,"href":"https:\/\/svkirchzarten.de\/parasport\/wp-json\/wp\/v2\/tags?post=171"}],"curies":[{"name":"wp","href":"https:\/\/api.w.org\/{rel}","templated":true}]}}